{"id":4904,"date":"2020-04-24T00:57:54","date_gmt":"2020-04-23T21:57:54","guid":{"rendered":"https:\/\/crovu.com\/?p=4904"},"modified":"2026-01-03T13:18:11","modified_gmt":"2026-01-03T13:18:11","slug":"instagram-siyah-karanlik-mod-nedir","status":"publish","type":"post","link":"https:\/\/crovu.com\/blog\/instagram-siyah-karanlik-mod-nedir\/","title":{"rendered":"Instagram Siyah Mod (Karanl\u0131k) Nedir, Nas\u0131l Yap\u0131l\u0131r?"},"content":{"rendered":"\n<p><span style=\"font-weight: 400\"><a href=\"https:\/\/instagram.com\" target=\"_blank\" rel=\"noopener\"><strong>Instagram<\/strong><\/a> her ge\u00e7en g\u00fcn kullan\u0131c\u0131lar\u0131na yeni bir \u00f6zellik sunuyor. Son olarak kullan\u0131c\u0131lar\u0131na sundu\u011fu \u00f6zellik siyah mod yani karanl\u0131k mod. Instagram gece modu olarak da bilinen bu \u00f6zellik android ve iOS i\u015fletim sistemine sahip telefon kullan\u0131c\u0131lar\u0131na son telefon g\u00fcncellemesi ile geldi. Yani android ya da iOS telefon kullan\u0131yorsan\u0131z ayn\u0131 zamanda telefon i\u015fletim sisteminizi g\u00fcncellediyseniz siz de bu \u00f6zelli\u011fi kullanabilirsiniz. Peki bu kadar pop\u00fcler hale gelen bu instagram karanl\u0131k mod \u00f6zelli\u011fi nedir, insanlar neden bu kadar sevdi, ne \u00f6zellikleri ve faydas\u0131 vard\u0131r bakal\u0131m.<\/span><\/p>\n\n\n\n<figure class=\"wp-block-image aligncenter wp-image-4906 size-full\"><img decoding=\"async\" src=\"https:\/\/crovu.com\/blog\/wp-content\/uploads\/2020\/04\/5d9f82cac9de3d0cd4a44aa8-2.jpg\" alt=\"Instagram'da Karanl\u0131k Mod Nedir ve Nas\u0131l A\u00e7\u0131l\u0131r?\" \/><figcaption>Instagram&#8217;da Karanl\u0131k Mod Nedir ve Nas\u0131l A\u00e7\u0131l\u0131r?<\/figcaption><\/figure>\n\n\n\n<h2 class=\"wp-block-heading\"><strong>Instagram karanl\u0131k mod nedir?<\/strong><\/h2>\n\n\n\n<p><span style=\"font-weight: 400\">Instagram gece modu \u00f6zelli\u011fi ya da di\u011fer bir ad\u0131 ile dark mode asl\u0131nda sadece instagram sayfan\u0131zdaki g\u00f6rsellerin \u00e7evresindeki t\u00fcm beyaz alanlar\u0131n siyah bir renge b\u00fcr\u00fcnmesini sa\u011flar. iOS i\u015fletim sistemi kullanan telefonlarda gece modu telefonun t\u00fcm ekranlar\u0131nda her \u015feyin siyah bir arka plan i\u00e7erisinde g\u00f6r\u00fcnmesini de sa\u011flar. E\u011fer maillerinizi beyaz yerine siyah bir arka planda g\u00f6rmek istiyorsan\u0131z, mesajlar\u0131n\u0131z\u0131 siyah bir ekranda okumak istiyorsan\u0131z bu gece modu \u00f6zelli\u011fini t\u00fcm telefonunuzda uygulayabilirsiniz.\u00a0<\/span><\/p>\n\n\n\n<h2 class=\"wp-block-heading\"><strong>Instagram gece modunun faydas\u0131 nedir?<\/strong><\/h2>\n\n\n\n<p><span style=\"font-weight: 400\">Bir \u00e7ok insan instagram gece modu ismini duydu\u011funda bu arka plan kullan\u0131m\u0131n\u0131n \u00e7e\u015fitli yararlar\u0131 olaca\u011f\u0131n\u0131 d\u00fc\u015f\u00fcnebilir. Ancak bu \u00f6zelli\u011fin kullan\u0131c\u0131 a\u00e7\u0131s\u0131ndan pek bir faydas\u0131 yoktur. Sadece g\u00f6rsel olarak farkl\u0131 bir etki yarat\u0131r. Yani instagram karanl\u0131k modu uygulad\u0131\u011f\u0131n\u0131zda telefonunuzun \u015farj\u0131 daha az gitmez ya da internetiniz daha az harcanmaz. Baz\u0131lar\u0131 bu \u00f6zelli\u011fin telefona bakarken g\u00f6z\u00fc daha az yormas\u0131 ve insanlar\u0131n uyumadan \u00f6nce daha az yorulmas\u0131 i\u00e7in \u00e7\u0131kar\u0131ld\u0131\u011f\u0131n\u0131 d\u00fc\u015f\u00fcn\u00fcr ancak bu yanl\u0131\u015f bir fikirdir ve herhangi bir a\u00e7\u0131klama ile uyu\u015fmaz. K\u0131sacas\u0131 instagram karanl\u0131k mod \u00f6zelli\u011fi sadece g\u00f6rsel a\u00e7\u0131dan farkl\u0131 bir etki yarat\u0131r.<\/span><\/p>\n\n\n\n<h2 class=\"wp-block-heading\"><strong>Instagram karanl\u0131k mod nas\u0131l yap\u0131l\u0131r?<\/strong><\/h2>\n\n\n\n<p><span style=\"font-weight: 400\">Bu \u00f6zellik maalesef Instagram&#8217;\u0131n otomatik olarak yapt\u0131\u011f\u0131 ve t\u00fcm kullan\u0131c\u0131lar\u0131n kullanabildi\u011fi bir \u00f6zelli\u011fi de\u011fildir. Instagram normal \u015fartlar alt\u0131nda herhangi bir g\u00fcncelleme yapt\u0131\u011f\u0131 zaman ya da yeni bir \u00f6zellik kullan\u0131ma sundu\u011fu zaman bu \u00f6zellik otomatik olarak kullan\u0131c\u0131 ekran\u0131nda g\u00f6r\u00fcnt\u00fclenirdi. Ancak karanl\u0131k mod \u00f6zelli\u011fi sizin kendi telefonunuzda ayarlardan yapman\u0131z gereken bir \u00f6zellik. iOS ve android telefonlarda da farkl\u0131 ayarlardan farkl\u0131 \u015fekillerde yap\u0131labilmektedir.<\/span><\/p>\n\n\n\n<h2 class=\"wp-block-heading\"><strong>iOS 13&#8217;te instagram siyah mod (karanl\u0131k mod) nas\u0131l yap\u0131l\u0131r?<\/strong><\/h2>\n\n\n\n<p><span style=\"font-weight: 400\">iOS 13 \u015fu an i\u00e7in iOS i\u015fletim sistemi kullan\u0131lan cihazlardaki yani iPhone ve iPadlerdeki en g\u00fcncel i\u015fletim sistemidir. Instagram \u0131n bu \u00f6zelli\u011fini kullanabilmeniz i\u00e7in telefonunuzda mutlaka en g\u00fcncel i\u015fletim sistemini kullan\u0131yor olman\u0131z laz\u0131m. E\u011fer i\u015fletim sisteminiz g\u00fcncel de\u011filse telefonunuzu g\u00fcncellemek i\u00e7in ilk olarak telefonunuzda ayarlar k\u0131sm\u0131na gidin. Ayarlarda general ya da genel k\u0131sm\u0131na dokunun. Buraya girdi\u011finizde hakk\u0131nda, Software update (i\u015fletim sistemi g\u00fcncellemesi) gibi se\u00e7enekler kar\u015f\u0131n\u0131za \u00e7\u0131kar. Bu se\u00e7eneklerden i\u015fletim sistemi g\u00fcncellemesine t\u0131klay\u0131n. E\u011fer telefonunuz update edilmemi\u015fse yani g\u00fcncellenmemi\u015fse burada k\u0131rm\u0131z\u0131 bir i\u015faret olacakt\u0131r. Ayr\u0131ca indir ve kur se\u00e7ene\u011fi de aktif olacakt\u0131r. E\u011fer telefonunuza zaten hali haz\u0131rda g\u00fcncellenmi\u015fse yeni bir g\u00fcncelleme indiremezsiniz bu da indir ve kur se\u00e7ene\u011finin aktif halde olmad\u0131\u011f\u0131 anlam\u0131na gelir.\u00a0<\/span><\/p>\n\n\n\n<p><span style=\"font-weight: 400\">Instagram dark modu aktif etmek i\u00e7in telefon g\u00fcncellemeninizi yapt\u0131ktan sonra tekrar ayarlar k\u0131sm\u0131na gidin. Ayarlar men\u00fcs\u00fcnde ekran ve parlakl\u0131k k\u0131sm\u0131n\u0131 se\u00e7in. Buraya dokundu\u011funuzda kar\u015f\u0131n\u0131za \u00e7\u0131kan men\u00fcdeki koyu mod se\u00e7ene\u011fine t\u0131klay\u0131n. Instagram i\u00e7in se\u00e7ti\u011finiz bu koyu mod telefonunuzda kulland\u0131\u011f\u0131n\u0131z bir \u00e7ok uygulaman\u0131n da arka plan\u0131n\u0131 de\u011fi\u015ftirecektir. Bu koyu modu isterseniz g\u00fcn i\u00e7erisinde belirli saatlerde kullanabilecek \u015fekilde ayarlayabilirsiniz. \u0130sterseniz de g\u00fcn boyunca bu \u00f6zelli\u011fi aktif edebilirsiniz.\u00a0<\/span><\/p>\n\n\n\n<h2 class=\"wp-block-heading\"><strong>Android telefonlarda Instagram dark mod nas\u0131l kullan\u0131l\u0131r?<\/strong><\/h2>\n\n\n\n<p><span style=\"font-weight: 400\">Android telefonlarda instagram karanl\u0131k modu da ayn\u0131 \u015fekilde iOS telefonlardaki gibi ayarlar k\u0131sm\u0131ndan yap\u0131l\u0131r. Ad\u0131m ad\u0131m anlatmak gerekirse \u015fu \u015fekilde yapabilirsiniz;<\/span><\/p>\n\n\n\n<ul class=\"wp-block-list\"><li><span style=\"font-weight: 400\">Ilk olarak android telefonlar\u0131n\u0131zda google play store u a\u00e7\u0131n. Bu ekranda instagram uygulamas\u0131n\u0131 bulun ve onu a\u00e7\u0131n. A\u015fa\u011f\u0131 do\u011fru kayd\u0131r\u0131n beta s\u00fcr\u00fcm\u00fcne kat\u0131l yaz\u0131s\u0131n\u0131 g\u00f6rd\u00fc\u011f\u00fcn\u00fczde dokunun.<\/span><\/li><li><span style=\"font-weight: 400\">Bu i\u015flemi tamamlad\u0131ktan sonra telefonunuzdaki oyunlar\u0131m ve uygulamalar\u0131m b\u00f6l\u00fcm\u00fcne t\u0131klay\u0131n. Bu k\u0131s\u0131mda instagram uygulamas\u0131n\u0131 bulduktan sonra y\u00fckle butonuna t\u0131klay\u0131n.\u00a0<\/span><\/li><li><span style=\"font-weight: 400\">Sonras\u0131nda telefonunuzda arama k\u0131sm\u0131na gidin. Arama k\u0131sm\u0131na gece modu ya da karanl\u0131k mod yaz\u0131p arat\u0131n. Kar\u015f\u0131n\u0131za alternatifler \u00e7\u0131kacakt\u0131r. \u00c7\u0131kan ayarlar i\u00e7erisinde karanl\u0131k mod ya da gece modunu se\u00e7in. Sonras\u0131nda Instagram uygulamas\u0131n\u0131 a\u00e7t\u0131\u011f\u0131n\u0131zda art\u0131k Instagram&#8217;\u0131n\u0131z\u0131 karanl\u0131k modda kullanabiliyor olacaks\u0131n\u0131z.<\/span><\/li><\/ul>\n\n\n\n<p><span style=\"font-weight: 400\">Telefonunuzda karanl\u0131k moda ge\u00e7ti\u011finizde t\u00fcm renkler de\u011fi\u015fecektir. Yani beyaz yaz\u0131lar siyah siyah yaz\u0131lar ise beyaz olarak kar\u015f\u0131n\u0131za \u00e7\u0131kacakt\u0131r. Instagram renk de\u011fi\u015ftirme \u00f6zelli\u011fini kullanabilmeniz i\u00e7in t\u00fcm telefon ayarlar\u0131n\u0131zdaki renkleri de\u011fi\u015ftirmeniz gerekiyor. Yani bu durumda telefon arka plan\u0131n\u0131z, smslerinizi yazarken kulland\u0131\u011f\u0131n\u0131z arka planlar\u0131n\u0131z dahil hepsi siyah olacakt\u0131r. Bu \u00f6zelli\u011fi de\u011fi\u015ftirip sadece Instagram&#8217;\u0131 karanl\u0131k modda kullanma imkan\u0131n\u0131z maalesef yoktur.\u00a0<\/span><\/p>\n\n\n\n<p>Buna ek olarak, Crovu \u00fczerinden pek \u00e7ok <a href=\"https:\/\/crovu.com\/\" data-internallinksmanager029f6b8e52c=\"4\" title=\"Crovu Sosyal Medya Ajans\u0131\">sosyal medya<\/a> servisi sat\u0131n alabilirsiniz, \u00f6rne\u011fin, Instagram&#8217;da <a href=\"https:\/\/crovu.com\/instagram-takipci-satin-al\/\" data-internallinksmanager029f6b8e52c=\"1\" title=\"Instagram Takip\u00e7i\">takip\u00e7i<\/a> kitlenizi kolayl\u0131kla artt\u0131rabilirsiniz. Detaylar i\u00e7in, <a href=\"https:\/\/crovu.com\/instagram-takipci-satin-al\/\"><strong>bu sayfam\u0131za<\/strong><\/a> g\u00f6z at\u0131n,<\/p>\n\n\n\n<p><span style=\"font-weight: 400\">Bu yaz\u0131m\u0131zda \u00f6zet olarak anla\u015f\u0131l\u0131r bir \u015fekilde instagram karanl\u0131k moda nas\u0131l ge\u00e7ilir sorusunu cevaplad\u0131k. Herhangi bir sorunuz olursa bizimle yorumlarda payla\u015fman\u0131z yeterlidir.<\/span><\/p>\n\n\n\n<p>Sevgilerimizle,<\/p>\n\n\n\n<p><strong>Crovu Blog &#8211; 2020<\/strong><\/p>\n","protected":false},"excerpt":{"rendered":"<p>Instagram her ge\u00e7en g\u00fcn kullan\u0131c\u0131lar\u0131na yeni bir \u00f6zellik sunuyor. Son olarak kullan\u0131c\u0131lar\u0131na sundu\u011fu \u00f6zellik siyah mod yani karanl\u0131k mod. Instagram gece modu olarak da bilinen bu \u00f6zellik android ve iOS i\u015fletim sistemine sahip telefon kullan\u0131c\u0131lar\u0131na son telefon g\u00fcncellemesi ile geldi. Yani android ya da iOS telefon kullan\u0131yorsan\u0131z ayn\u0131 zamanda telefon i\u015fletim sisteminizi g\u00fcncellediyseniz siz de [&hellip;]<\/p>\n","protected":false},"author":2,"featured_media":4906,"comment_status":"open","ping_status":"closed","sticky":false,"template":"","format":"standard","meta":{"inline_featured_image":false,"footnotes":""},"categories":[4],"tags":[],"class_list":["post-4904","post","type-post","status-publish","format-standard","has-post-thumbnail","hentry","category-blog-yazilari"],"blocksy_meta":{"styles_descriptor":{"styles":{"desktop":"","tablet":"","mobile":""},"google_fonts":[],"version":6}},"_links":{"self":[{"href":"https:\/\/crovu.com\/blog\/wp-json\/wp\/v2\/posts\/4904","targetHints":{"allow":["GET"]}}],"collection":[{"href":"https:\/\/crovu.com\/blog\/wp-json\/wp\/v2\/posts"}],"about":[{"href":"https:\/\/crovu.com\/blog\/wp-json\/wp\/v2\/types\/post"}],"author":[{"embeddable":true,"href":"https:\/\/crovu.com\/blog\/wp-json\/wp\/v2\/users\/2"}],"replies":[{"embeddable":true,"href":"https:\/\/crovu.com\/blog\/wp-json\/wp\/v2\/comments?post=4904"}],"version-history":[{"count":2,"href":"https:\/\/crovu.com\/blog\/wp-json\/wp\/v2\/posts\/4904\/revisions"}],"predecessor-version":[{"id":5578,"href":"https:\/\/crovu.com\/blog\/wp-json\/wp\/v2\/posts\/4904\/revisions\/5578"}],"wp:featuredmedia":[{"embeddable":true,"href":"https:\/\/crovu.com\/blog\/wp-json\/wp\/v2\/media\/4906"}],"wp:attachment":[{"href":"https:\/\/crovu.com\/blog\/wp-json\/wp\/v2\/media?parent=4904"}],"wp:term":[{"taxonomy":"category","embeddable":true,"href":"https:\/\/crovu.com\/blog\/wp-json\/wp\/v2\/categories?post=4904"},{"taxonomy":"post_tag","embeddable":true,"href":"https:\/\/crovu.com\/blog\/wp-json\/wp\/v2\/tags?post=4904"}],"curies":[{"name":"wp","href":"https:\/\/api.w.org\/{rel}","templated":true}]}}