{"id":6247,"date":"2023-06-15T18:02:02","date_gmt":"2023-06-15T18:02:02","guid":{"rendered":"https:\/\/crovu.com\/blog\/?p=6247"},"modified":"2026-01-03T13:18:11","modified_gmt":"2026-01-03T13:18:11","slug":"instagram-kullanici-adi-almak","status":"publish","type":"post","link":"https:\/\/crovu.com\/blog\/instagram-kullanici-adi-almak\/","title":{"rendered":"Instagram Kullan\u0131c\u0131 Ad\u0131 Almak"},"content":{"rendered":"\n<p>Instagram, g\u00fcn\u00fcm\u00fczde milyonlarca kullan\u0131c\u0131ya sahip olan ve hemen hemen herkesin kulland\u0131\u011f\u0131 bir <a href=\"https:\/\/crovu.com\/\" data-internallinksmanager029f6b8e52c=\"4\" title=\"Crovu Sosyal Medya Ajans\u0131\">sosyal medya<\/a> platformudur. Uygulama, d\u00fcnya genelinde en \u00e7ok kullan\u0131lan mobil uygulamalardan biri olmas\u0131yla s\u00fcrekli olarak g\u00fcndemde kalmaktad\u0131r. Kullan\u0131c\u0131lar olarak, Instagram&#8217;da kulland\u0131\u011f\u0131m\u0131z kullan\u0131c\u0131 adlar\u0131n\u0131n \u00f6zg\u00fcn ve bizi en iyi \u015fekilde tan\u0131mlayan isimler olmas\u0131n\u0131 istemekteyiz. <strong>Instagram kullan\u0131c\u0131 ad\u0131 almak<\/strong>, ki\u015fisel kimli\u011fimizi ve varl\u0131\u011f\u0131m\u0131z\u0131 ifade etmek i\u00e7in \u00f6nemlidir. Kullan\u0131c\u0131 adlar\u0131m\u0131z, di\u011fer kullan\u0131c\u0131larla etkile\u015fim kurarken ve i\u00e7eriklerimizi payla\u015f\u0131rken bizi temsil eder. Bu nedenle, \u00e7o\u011fu zaman istedi\u011fimiz kullan\u0131c\u0131 adlar\u0131n\u0131n daha \u00f6nce al\u0131nd\u0131\u011f\u0131n\u0131 g\u00f6rmek durumunda kalabiliriz.<\/p>\n\n\n\n<p>Instagram&#8217;da kullan\u0131lmayan bir kullan\u0131c\u0131 ad\u0131 almak istedi\u011fimizde, yarat\u0131c\u0131 ve benzersiz bir kullan\u0131c\u0131 ad\u0131 se\u00e7mek \u00f6nemlidir. \u0130nsanlar genellikle isimlerini, hobilerini, ilgi alanlar\u0131n\u0131 veya markalar\u0131n\u0131 kullanarak kendilerini en iyi \u015fekilde ifade eden kullan\u0131c\u0131 adlar\u0131 olu\u015ftururlar. Kullan\u0131c\u0131 ad\u0131n\u0131n bize \u00f6zel olmas\u0131, di\u011fer kullan\u0131c\u0131larla kar\u0131\u015f\u0131kl\u0131k ya\u015famamam\u0131z\u0131 ve benzersiz bir varl\u0131k olu\u015fturmam\u0131z\u0131 sa\u011flar.<\/p>\n\n\n\n<p><strong>Instagram kullan\u0131c\u0131 ad\u0131 almak<\/strong> i\u00e7in birka\u00e7 strateji kullan\u0131labilir. \u00d6ncelikle, kendimize \u00f6zg\u00fc bir kullan\u0131c\u0131 ad\u0131 olu\u015fturmak i\u00e7in kreatif d\u00fc\u015f\u00fcncelerimizi kullanabiliriz. \u0130lgi alanlar\u0131m\u0131z\u0131, favori kelimelerimizi veya takma adlar\u0131m\u0131z\u0131 d\u00fc\u015f\u00fcnerek farkl\u0131 kombinasyonlar deneyebiliriz. Ayr\u0131ca, farkl\u0131 dil ve varyasyonlar\u0131 da kullanarak daha \u00f6zg\u00fcn bir kullan\u0131c\u0131 ad\u0131 elde edebiliriz.<\/p>\n\n\n\n<p>Di\u011fer bir y\u00f6ntem ise kullan\u0131c\u0131 ad\u0131 jenerat\u00f6rlerini kullanmakt\u0131r. Bu jenerat\u00f6rler, size rastgele ve \u00f6zg\u00fcn kullan\u0131c\u0131 ad\u0131 \u00f6nerileri sunar. Bu \u015fekilde, sizin i\u00e7in benzersiz bir kullan\u0131c\u0131 ad\u0131 bulman\u0131za yard\u0131mc\u0131 olabilirler.<\/p>\n\n\n\n<p><strong>Instagram kullan\u0131c\u0131 ad\u0131 almak<\/strong>, yarat\u0131c\u0131l\u0131\u011f\u0131n\u0131z\u0131 kullanman\u0131z\u0131 gerektiren bir s\u00fcre\u00e7 olabilir. \u00d6zg\u00fcn bir kullan\u0131c\u0131 ad\u0131 se\u00e7mek, sizi di\u011fer kullan\u0131c\u0131lardan ay\u0131ran bir varl\u0131k olu\u015fturman\u0131z\u0131 sa\u011flar. Kendinizi en iyi \u015fekilde ifade eden ve sizi temsil eden bir kullan\u0131c\u0131 ad\u0131 se\u00e7erek Instagram deneyiminizi daha ki\u015fisel ve \u00f6zg\u00fcn hale getirebilirsiniz.<\/p>\n\n\n\n<h2 class=\"wp-block-heading\"><strong>Instagram Kullan\u0131c\u0131 Ad\u0131 De\u011fi\u015ftirme Nas\u0131l Yap\u0131l\u0131r?<\/strong><\/h2>\n\n\n\n<p><strong>Instagram kullan\u0131c\u0131 ad\u0131 almak<\/strong> i\u00e7in ad\u0131mlar\u0131n\u0131z\u0131 do\u011fru \u015fekilde takip etmek \u00f6nemlidir. \u00d6ncelikle, istedi\u011finiz kullan\u0131c\u0131 ad\u0131n\u0131 net bir \u015fekilde belirleyin. Ard\u0131ndan, kullan\u0131c\u0131 ad\u0131n\u0131n bo\u015fta ve al\u0131nabilir durumda olup olmad\u0131\u011f\u0131n\u0131 kontrol etmek i\u00e7in baz\u0131 ad\u0131mlar izleyebilirsiniz. Bu i\u015flemi ger\u00e7ekle\u015ftirmek i\u00e7in <strong>Ayarlar<\/strong> b\u00f6l\u00fcm\u00fcne giderek <strong>Profili D\u00fczenle<\/strong> se\u00e7ene\u011fini se\u00e7in ve <strong>Kullan\u0131c\u0131 ad\u0131 <\/strong>b\u00f6l\u00fcm\u00fcne girin.<\/p>\n\n\n\n<p>E\u011fer se\u00e7ti\u011finiz kullan\u0131c\u0131 ad\u0131 kullan\u0131labilir durumdaysa, hi\u00e7bir ek i\u015flem yapman\u0131za gerek kalmadan bu kullan\u0131c\u0131 ad\u0131n\u0131 kullanabilirsiniz. Ancak, Instagram size &#8220;<strong>Kullan\u0131c\u0131 ad\u0131 kullan\u0131lamaz<\/strong>&#8221; uyar\u0131s\u0131 verirse, ba\u015fka bir ad se\u00e7meniz gerekebilir.<\/p>\n\n\n\n<p>Bu durumda, farkl\u0131 kullan\u0131c\u0131 ad\u0131 se\u00e7mek i\u00e7in baz\u0131 stratejileri d\u00fc\u015f\u00fcnebilirsiniz. \u0130lk olarak, kullan\u0131c\u0131 ad\u0131n\u0131n farkl\u0131 varyasyonlar\u0131n\u0131 deneyebilirsiniz. Baz\u0131 harfleri de\u011fi\u015ftirerek veya ekleyerek orijinal ad\u0131n\u0131za benzer bir kullan\u0131c\u0131 ad\u0131 elde edebilirsiniz.<\/p>\n\n\n\n<p>Di\u011fer bir se\u00e7enek ise takma adlar, hobiler veya ilgi alanlar\u0131n\u0131z\u0131 kullanarak kendinize \u00f6zg\u00fcn bir kullan\u0131c\u0131 ad\u0131 olu\u015fturmak olabilir. Bu \u015fekilde, ba\u015fkalar\u0131n\u0131n kullanmad\u0131\u011f\u0131 ve size \u00f6zel olan bir kullan\u0131c\u0131 ad\u0131 bulabilirsiniz.<\/p>\n\n\n\n<p>Ayr\u0131ca, belirli bir temaya veya markaya odaklanarak kullan\u0131c\u0131 ad\u0131n\u0131z\u0131 olu\u015fturabilirsiniz. \u00d6rne\u011fin, favori bir spor tak\u0131m\u0131n\u0131z\u0131n ad\u0131n\u0131 veya favori bir film karakterini kullanarak kendinize benzersiz bir kullan\u0131c\u0131 ad\u0131 se\u00e7ebilirsiniz.<\/p>\n\n\n\n<p><strong>Instagram kullan\u0131c\u0131 ad\u0131 almak<\/strong> bazen zorlu olabilir, ancak yarat\u0131c\u0131 olmak ve alternatif se\u00e7enekleri d\u00fc\u015f\u00fcnmek size daha iyi bir sonu\u00e7 sa\u011flayabilir. Unutmay\u0131n, kullan\u0131c\u0131 ad\u0131n\u0131z sizi temsil eden bir kimlik olu\u015fturur, bu y\u00fczden kendinizi en iyi \u015fekilde ifade etti\u011finizden emin olun.<\/p>\n\n\n\n<figure class=\"wp-block-image size-full is-resized\"><img loading=\"lazy\" decoding=\"async\" src=\"https:\/\/crovu.com\/blog\/wp-content\/uploads\/2023\/06\/instagram-kullanici-adi-alma-2023.jpg\" alt=\"Instagram Kullan\u0131c\u0131 Ad\u0131 Almak 2023\" class=\"wp-image-6249\" width=\"771\" height=\"433\" srcset=\"https:\/\/crovu.com\/blog\/wp-content\/uploads\/2023\/06\/instagram-kullanici-adi-alma-2023.jpg 637w, https:\/\/crovu.com\/blog\/wp-content\/uploads\/2023\/06\/instagram-kullanici-adi-alma-2023-300x169.jpg 300w\" sizes=\"auto, (max-width: 771px) 100vw, 771px\" \/><\/figure>\n\n\n\n<h2 class=\"wp-block-heading\"><strong>Form Doldurarak Instagram Kullan\u0131c\u0131 Ad\u0131 Almak<\/strong><\/h2>\n\n\n\n<p>E\u011fer almak istedi\u011finiz kullan\u0131c\u0131 ad\u0131 Instagram&#8217;da ba\u015fka bir hesap taraf\u0131ndan kullan\u0131l\u0131yorsa, Instagram size ayn\u0131 kullan\u0131c\u0131 ad\u0131n\u0131 verme imkan\u0131 maalesef sunmamaktad\u0131r. Bu durumda, istedi\u011finiz kullan\u0131c\u0131 ad\u0131n\u0131 alman\u0131n direkt bir yolu bulunmamaktad\u0131r.<\/p>\n\n\n\n<p>Ancak, kulland\u0131\u011f\u0131n\u0131z hesap bir ticari Instagram hesab\u0131ysa farkl\u0131 bir se\u00e7enek mevcuttur. Instagram, kullan\u0131c\u0131 ad\u0131n\u0131z\u0131 ticari bir hesap olarak kullanman\u0131z durumunda, bu kullan\u0131c\u0131 ad\u0131n\u0131 almak i\u00e7in bir form sunmaktad\u0131r. Formu doldurarak, Instagram yetkililerine istedi\u011finiz kullan\u0131c\u0131 ad\u0131n\u0131 talep etti\u011finizi iletebilirsiniz. Ancak, bu s\u00fcrecin sonucu ve kullan\u0131c\u0131 ad\u0131n\u0131 al\u0131p alamayaca\u011f\u0131n\u0131z Instagram taraf\u0131ndan de\u011ferlendirilecektir.<\/p>\n\n\n\n<p>Kullan\u0131c\u0131 ad\u0131 almak istedi\u011finizde, Instagram&#8217;\u0131n kullan\u0131c\u0131 ad\u0131 politikalar\u0131n\u0131 dikkate alman\u0131z \u00f6nemlidir. Kullan\u0131c\u0131 ad\u0131 politikalar\u0131, marka veya ki\u015fi haklar\u0131n\u0131n korunmas\u0131n\u0131 ama\u00e7layarak kullan\u0131c\u0131 ad\u0131 al\u0131m\u0131n\u0131 ve kullan\u0131m\u0131n\u0131 d\u00fczenler. Bu nedenle, ba\u015fka bir hesap taraf\u0131ndan kullan\u0131lan kullan\u0131c\u0131 ad\u0131n\u0131z\u0131 almak i\u00e7in belirli kurallar ve s\u00fcre\u00e7ler uygulanmaktad\u0131r.<\/p>\n\n\n\n<p>Unutmay\u0131n, kullan\u0131c\u0131 ad\u0131 se\u00e7erken \u00f6zg\u00fcn, tan\u0131mlay\u0131c\u0131 ve markan\u0131z\u0131 veya ki\u015fili\u011finizi yans\u0131tan bir ad se\u00e7mek \u00f6nemlidir. Alternatif kullan\u0131c\u0131 adlar\u0131 d\u00fc\u015f\u00fcnmek ve kreatif olmak, sizi benzersiz bir \u015fekilde temsil eden bir kullan\u0131c\u0131 ad\u0131 bulman\u0131za yard\u0131mc\u0131 olabilir.<\/p>\n\n\n\n<p>Instagram yetkililerinin talebinizi de\u011ferlendirmek i\u00e7in ortalama olarak <strong>2 hafta ile 4 hafta<\/strong> aras\u0131nda bir s\u00fcre gerektirebilece\u011fi belirtilmektedir. Ancak bazen geri d\u00f6n\u00fc\u015f s\u00fcresi, daha uzun bir s\u00fcre olan 2-3 ay\u0131 bulabilmektedir. Bu nedenle, ba\u015fkas\u0131n\u0131n kulland\u0131\u011f\u0131 bir kullan\u0131c\u0131 ad\u0131n\u0131 almak istedi\u011finizde sab\u0131rl\u0131 olman\u0131z ve Instagram taraf\u0131ndan size iletilen cevab\u0131 beklemeniz gerekmektedir.<\/p>\n\n\n\n<p>Bu s\u00fcre\u00e7te, Instagram yetkilileri kullan\u0131c\u0131 ad\u0131 talebinizi inceler ve uygunluk kriterlerine g\u00f6re karar verir. Kullan\u0131c\u0131 ad\u0131 politikalar\u0131na uygun oldu\u011funuz takdirde, olumlu bir yan\u0131t alabilir ve istedi\u011finiz kullan\u0131c\u0131 ad\u0131n\u0131 alabilirsiniz. Ancak ba\u015fvurunuz uygun bulunmazsa veya kullan\u0131c\u0131 ad\u0131 politikalar\u0131na uymuyorsa, maalesef istedi\u011finiz kullan\u0131c\u0131 ad\u0131n\u0131 elde edemeyebilirsiniz.<\/p>\n\n\n\n<p>Ba\u015fkas\u0131na ait bir kullan\u0131c\u0131 ad\u0131n\u0131 almak i\u00e7in beklemek, sab\u0131r gerektiren bir s\u00fcre\u00e7 olabilir. Bu s\u00fcre zarf\u0131nda, alternatif kullan\u0131c\u0131 adlar\u0131 d\u00fc\u015f\u00fcnmek ve var olan kullan\u0131c\u0131 adlar\u0131n\u0131z\u0131 g\u00fcncellemek gibi se\u00e7enekleri de\u011ferlendirebilirsiniz. Kendinizi en iyi \u015fekilde temsil eden ve sizi yans\u0131tan bir kullan\u0131c\u0131 ad\u0131 se\u00e7mek \u00f6nemlidir.<\/p>\n\n\n\n<p>Sonu\u00e7 olarak, ba\u015fkas\u0131na ait bir kullan\u0131c\u0131 ad\u0131n\u0131 almak istedi\u011finizde Instagram yetkilileri taraf\u0131ndan yap\u0131lacak de\u011ferlendirme sonucunu beklemeniz gerekmektedir. Sab\u0131rl\u0131 olman\u0131z ve verilecek cevab\u0131 beklemeniz \u00f6nemlidir. Alternatif olarak, \u00f6zg\u00fcn ve sizi yans\u0131tan ba\u015fka kullan\u0131c\u0131 adlar\u0131 d\u00fc\u015f\u00fcnerek Instagram deneyiminizi ki\u015fiselle\u015ftirebilirsiniz.<\/p>\n\n\n\n<h2 class=\"wp-block-heading\"><strong>Instagram Kullan\u0131lmayan Kullan\u0131c\u0131 Ad\u0131 Alma Y\u00f6ntemi<\/strong><\/h2>\n\n\n\n<p>Ba\u015fkas\u0131 taraf\u0131ndan <strong><a href=\"https:\/\/shiftdelete.net\/ucretsiz-instagram-kullanici-adi-alma\" target=\"_blank\" rel=\"noopener\">Instagram kullan\u0131lan bir kullan\u0131c\u0131 ad\u0131n\u0131 almak<\/a><\/strong> istiyorsan\u0131z, a\u015fa\u011f\u0131daki ad\u0131mlar\u0131 takip edebilirsiniz:<\/p>\n\n\n\n<ul class=\"wp-block-list\">\n<li>\u0130lk olarak, almak istedi\u011finiz kullan\u0131c\u0131 ad\u0131na sahip olan Instagram hesab\u0131n\u0131 bir yere not edin. Bu, size kullan\u0131c\u0131 ad\u0131n\u0131 talep etti\u011finizde referans olacak ve do\u011fru hesab\u0131 belirlemenize yard\u0131mc\u0131 olacakt\u0131r.<\/li>\n\n\n\n<li>Bilgisayar\u0131n\u0131zdan taray\u0131c\u0131n\u0131z\u0131 a\u00e7\u0131n ve <a href=\"https:\/\/help.instagram.com\/contact\/230197320740525\" target=\"_blank\" rel=\"noopener\">https:\/\/help.instagram.com\/contact\/230197320740525<\/a> adresini ziyaret edin. Bu link, Instagram hesab\u0131yla ileti\u015fime ge\u00e7mek i\u00e7in bir ileti\u015fim formu sunmaktad\u0131r.<\/li>\n\n\n\n<li>\u0130leti\u015fim formunu doldururken, do\u011fru ve eksiksiz bilgiler sa\u011flad\u0131\u011f\u0131n\u0131zdan emin olun. Formda size ad\u0131n\u0131z\u0131, e-posta adresinizi, kullan\u0131c\u0131 ad\u0131n\u0131z\u0131 ve talep etti\u011finiz kullan\u0131c\u0131 ad\u0131n\u0131 belirtmeniz istenecektir.<\/li>\n\n\n\n<li>Talebinizi a\u00e7\u0131k ve anla\u015f\u0131l\u0131r bir \u015fekilde ifade edin. Ba\u015fkas\u0131n\u0131n kulland\u0131\u011f\u0131 kullan\u0131c\u0131 ad\u0131n\u0131 neden almak istedi\u011finizi ve hesab\u0131n\u0131z\u0131 nas\u0131l kullanmay\u0131 planlad\u0131\u011f\u0131n\u0131z\u0131 a\u00e7\u0131klay\u0131n. Bu, Instagram yetkililerine talebinizin gerek\u00e7elerini anlatman\u0131z\u0131 sa\u011flayacak ve de\u011ferlendirme s\u00fcrecini kolayla\u015ft\u0131racakt\u0131r.<\/li>\n\n\n\n<li>Formu doldurduktan sonra, talebinizi g\u00f6ndermek i\u00e7in ilgili d\u00fc\u011fmeye t\u0131klay\u0131n. \u0130stek g\u00f6nderildikten sonra, Instagram yetkilileri taraf\u0131ndan talebiniz de\u011ferlendirilecek ve size geri d\u00f6n\u00fc\u015f yap\u0131lacakt\u0131r.<\/li>\n<\/ul>\n\n\n\n<p>Instagram yetkililerinin ba\u015fkas\u0131 taraf\u0131ndan kullan\u0131lan bir kullan\u0131c\u0131 ad\u0131n\u0131 alman\u0131z i\u00e7in talebinizi nas\u0131l de\u011ferlendirece\u011fi ve sonucu ne olaca\u011f\u0131 konusunda net bir garanti vermek m\u00fcmk\u00fcn de\u011fildir. Ancak do\u011fru ve eksiksiz bilgi sa\u011flad\u0131\u011f\u0131n\u0131zdan, talebinizi a\u00e7\u0131k bir \u015fekilde ifade etti\u011finizden ve Instagram kullan\u0131c\u0131 ad\u0131 politikalar\u0131na uyumlu oldu\u011funuzdan emin olman\u0131z \u00f6nemlidir.<\/p>\n\n\n\n<p>Instagram hesab\u0131n\u0131za ba\u015fkas\u0131n\u0131n kulland\u0131\u011f\u0131 bir kullan\u0131c\u0131 ad\u0131n\u0131 almak i\u00e7in ileti\u015fim formunu doldurman\u0131z ve talebinizi Instagram yetkililerine iletmelisiniz. Bu s\u00fcre\u00e7te sab\u0131rl\u0131 olman\u0131z ve geri d\u00f6n\u00fc\u015f\u00fc beklemeniz gerekmektedir.<\/p>\n\n\n\n<p>A\u015fa\u011f\u0131daki ad\u0131mlar\u0131 izleyerek, ba\u015fkas\u0131 taraf\u0131ndan kullan\u0131lan bir kullan\u0131c\u0131 ad\u0131n\u0131 almak i\u00e7in Instagram&#8217;da ticari marka \u015fikayetinde bulunabilirsiniz:<\/p>\n\n\n\n<ul class=\"wp-block-list\">\n<li>\u0130leti\u015fim formunun alt k\u0131sm\u0131nda bulunan &#8220;<strong>Ticari marka \u015fikayetime devam et<\/strong>&#8221; se\u00e7ene\u011fini i\u015faretleyin. Bu se\u00e7enek, kullan\u0131c\u0131 ad\u0131n\u0131z\u0131n bir ticari marka oldu\u011funu ve kullan\u0131c\u0131 ad\u0131n\u0131 almak i\u00e7in ticari marka haklar\u0131n\u0131z\u0131 kullanmak istedi\u011finizi belirtmenizi sa\u011flar.<\/li>\n\n\n\n<li>\u0130leti\u015fim formunda size sorulan ileti\u015fim bilgileri, ticari marka bilgileri ve \u015fikayet etmek istedi\u011finiz i\u00e7erik veya hesap bilgilerini girin. Bu bilgiler aras\u0131nda adres, telefon, e-posta, hak sahibinin ad\u0131 (kendi ad\u0131n\u0131z gibi), ticari marka detaylar\u0131 vb. yer alabilir. Formdaki di\u011fer sorular\u0131 da do\u011fru ve eksiksiz bir \u015fekilde yan\u0131tlay\u0131n.<\/li>\n\n\n\n<li>Ticari marka bilgilerinizi girmek i\u00e7in giri\u015f yapman\u0131z gerekebilir. Instagram, ticari markan\u0131n size ait oldu\u011funu do\u011frulamak i\u00e7in bu bilgilere ihtiya\u00e7 duyabilir. Formu doldururken bu ad\u0131mlar\u0131 takip ederek ilerleyin.<\/li>\n\n\n\n<li>Formu doldurduktan sonra, elektronik imza sorusuna &#8220;<strong>isim ve soyisim<\/strong>&#8221; bilgilerinizi girerek cevap verin. Bu, ba\u015fvurunuzun sizin taraf\u0131n\u0131zdan yap\u0131ld\u0131\u011f\u0131n\u0131 do\u011frulamak i\u00e7in kullan\u0131lan bir ad\u0131md\u0131r.<\/li>\n\n\n\n<li>Beyannameyi onaylayarak ba\u015fvurunuzu olu\u015fturun. Beyanname, talebinizin do\u011fru ve ger\u00e7e\u011fe uygun oldu\u011funu, ticari marka haklar\u0131n\u0131z\u0131 korudu\u011funuzu beyan etmenizi gerektirebilir. Formdaki talimatlar\u0131 takip ederek beyannameyi onaylay\u0131n.<\/li>\n<\/ul>\n\n\n\n<p><strong>Instagram kullan\u0131c\u0131 ad\u0131 almak<\/strong> san\u0131ld\u0131\u011f\u0131n\u0131n aksine kolay bir i\u015flemdir. Ba\u015fvurunuzu olu\u015fturduktan sonra Instagram yetkilileri, talebinizi de\u011ferlendirmek i\u00e7in gereken ad\u0131mlar\u0131 atacak ve size geri d\u00f6n\u00fc\u015f yapacaklard\u0131r. Ba\u015fvurunuzun sonucunu ve kullan\u0131c\u0131 ad\u0131n\u0131 al\u0131p alamayaca\u011f\u0131n\u0131z\u0131 Instagram taraf\u0131ndan bildirilecektir.<\/p>\n\n\n\n<p><strong><a href=\"https:\/\/crovu.com\/blog\/instagram-algoritmasi-nedir-nasil-calisir\/\">Instagram alogritmas\u0131 nas\u0131l \u00e7al\u0131\u015f\u0131r<\/a><\/strong> sorusu hakk\u0131nda bilgi almak istiyorsan\u0131z haz\u0131rlam\u0131\u015f oldu\u011fumuz i\u00e7eri\u011fi inceleyebilirsiniz.<\/p>\n","protected":false},"excerpt":{"rendered":"<p>Instagram, g\u00fcn\u00fcm\u00fczde milyonlarca kullan\u0131c\u0131ya sahip olan ve hemen hemen herkesin kulland\u0131\u011f\u0131 bir sosyal medya platformudur. Uygulama, d\u00fcnya genelinde en \u00e7ok kullan\u0131lan mobil uygulamalardan biri olmas\u0131yla s\u00fcrekli olarak g\u00fcndemde kalmaktad\u0131r. Kullan\u0131c\u0131lar olarak, Instagram&#8217;da kulland\u0131\u011f\u0131m\u0131z kullan\u0131c\u0131 adlar\u0131n\u0131n \u00f6zg\u00fcn ve bizi en iyi \u015fekilde tan\u0131mlayan isimler olmas\u0131n\u0131 istemekteyiz. Instagram kullan\u0131c\u0131 ad\u0131 almak, ki\u015fisel kimli\u011fimizi ve varl\u0131\u011f\u0131m\u0131z\u0131 ifade etmek [&hellip;]<\/p>\n","protected":false},"author":4,"featured_media":6248,"comment_status":"open","ping_status":"open","sticky":false,"template":"","format":"standard","meta":{"inline_featured_image":false,"footnotes":""},"categories":[4],"tags":[358,359],"class_list":["post-6247","post","type-post","status-publish","format-standard","has-post-thumbnail","hentry","category-blog-yazilari","tag-instagram-kullanici-adi-alma","tag-instagram-kullanilan-kullanici-adi-alma"],"blocksy_meta":[],"_links":{"self":[{"href":"https:\/\/crovu.com\/blog\/wp-json\/wp\/v2\/posts\/6247","targetHints":{"allow":["GET"]}}],"collection":[{"href":"https:\/\/crovu.com\/blog\/wp-json\/wp\/v2\/posts"}],"about":[{"href":"https:\/\/crovu.com\/blog\/wp-json\/wp\/v2\/types\/post"}],"author":[{"embeddable":true,"href":"https:\/\/crovu.com\/blog\/wp-json\/wp\/v2\/users\/4"}],"replies":[{"embeddable":true,"href":"https:\/\/crovu.com\/blog\/wp-json\/wp\/v2\/comments?post=6247"}],"version-history":[{"count":2,"href":"https:\/\/crovu.com\/blog\/wp-json\/wp\/v2\/posts\/6247\/revisions"}],"predecessor-version":[{"id":6251,"href":"https:\/\/crovu.com\/blog\/wp-json\/wp\/v2\/posts\/6247\/revisions\/6251"}],"wp:featuredmedia":[{"embeddable":true,"href":"https:\/\/crovu.com\/blog\/wp-json\/wp\/v2\/media\/6248"}],"wp:attachment":[{"href":"https:\/\/crovu.com\/blog\/wp-json\/wp\/v2\/media?parent=6247"}],"wp:term":[{"taxonomy":"category","embeddable":true,"href":"https:\/\/crovu.com\/blog\/wp-json\/wp\/v2\/categories?post=6247"},{"taxonomy":"post_tag","embeddable":true,"href":"https:\/\/crovu.com\/blog\/wp-json\/wp\/v2\/tags?post=6247"}],"curies":[{"name":"wp","href":"https:\/\/api.w.org\/{rel}","templated":true}]}}