{"id":6416,"date":"2023-10-07T10:31:43","date_gmt":"2023-10-07T10:31:43","guid":{"rendered":"https:\/\/crovu.com\/blog\/?p=6416"},"modified":"2026-01-03T13:18:11","modified_gmt":"2026-01-03T13:18:11","slug":"instagram-hareketli-yazi-ekleme","status":"publish","type":"post","link":"https:\/\/crovu.com\/blog\/instagram-hareketli-yazi-ekleme\/","title":{"rendered":"Instagram Hareketli Yaz\u0131 Ekleme"},"content":{"rendered":"\n<p>Instagram, g\u00f6rsel i\u00e7eriklerin payla\u015f\u0131ld\u0131\u011f\u0131 bir platform olmas\u0131n\u0131n yan\u0131 s\u0131ra, farkl\u0131 \u00f6zellikleri kullanarak i\u00e7eriklerinizi daha zengin ve \u00e7ekici hale getirmeniz i\u00e7in bir\u00e7ok f\u0131rsat sunar. Her zaman ayn\u0131 konseptte videolar veya foto\u011fraflar payla\u015fmak, <a href=\"https:\/\/crovu.com\/instagram-takipci-satin-al\/\" data-internallinksmanager029f6b8e52c=\"1\" title=\"Instagram Takip\u00e7i\">takip\u00e7ilerinizin<\/a> zamanla s\u0131k\u0131lmas\u0131na ve ilgi kaybetmesine neden olur. Bu nedenle, i\u00e7eriklerinizi \u00e7e\u015fitlendirmek ve dikkat \u00e7ekmek i\u00e7in baz\u0131 t\u00fcyolara odaklanmak \u00f6nemlidir. <strong>Instagram hareketli yaz\u0131 ekleme<\/strong> ile ilgili t\u00fcm detayl\u0131 bilgileri sizler i\u00e7in derledik.<\/p>\n\n\n\n<p>\u0130lk olarak, farkl\u0131 i\u00e7erik t\u00fcrlerini denemek gerekir. Sadece foto\u011fraf payla\u015f\u0131yorsan\u0131z, ara s\u0131ra video veya hikaye payla\u015f\u0131m\u0131yla \u00e7e\u015fitlilik sa\u011flars\u0131n\u0131z. \u00d6zellikle canl\u0131 yay\u0131nlar, takip\u00e7ilerinizle etkile\u015fim kurman\u0131n harika bir yoludur. Canl\u0131 yay\u0131nlar s\u0131ras\u0131nda sorular\u0131 yan\u0131tlayabilir, ger\u00e7ek zamanl\u0131 geri bildirimleri alabilir ve daha ki\u015fisel bir ba\u011f kurabilirsiniz.<\/p>\n\n\n\n<p>Ayr\u0131ca, Instagram&#8217;\u0131n sundu\u011fu \u00f6zellikleri kullanarak i\u00e7eriklerinizi zenginle\u015ftirebilirsiniz. \u00d6rne\u011fin, hikayelerin \u00fczerine etiketler ekleyerek veya farkl\u0131 filtreler kullanarak g\u00f6rsellerinizi \u00f6zelle\u015ftirebilirsiniz. Instagram&#8217;\u0131n Reels \u00f6zelli\u011fi ile k\u0131sa ve e\u011flenceli videolar olu\u015fturarak da takip\u00e7ilerinizi etkileyebilirsiniz.<\/p>\n\n\n\n<p class=\"has-text-align-center\"><strong><a href=\"https:\/\/crovu.com\/otomatik-begeni\/\">Instagram Otomatik Be\u011feni Sat\u0131n Al<\/a><\/strong><\/p>\n\n\n\n<h2 class=\"wp-block-heading\">Instagram Hareketli Yaz\u0131 Ekleme (Video)<\/h2>\n\n\n\n<p><strong>Instagram hareketli yaz\u0131 ekleme<\/strong>, i\u00e7eriklerinizi daha ilgi \u00e7ekici hale getirmenin harika bir yoludur. Bu i\u015flemi ger\u00e7ekle\u015ftirmek i\u00e7in a\u015fa\u011f\u0131daki ad\u0131mlar\u0131 takip edebilirsiniz: &nbsp;<\/p>\n\n\n\n<ul class=\"wp-block-list\">\n<li>\u0130lk olarak, Instagram uygulamas\u0131n\u0131 a\u00e7\u0131n ve payla\u015fmak istedi\u011finiz video i\u00e7eri\u011fini olu\u015fturun veya se\u00e7in.<\/li>\n\n\n\n<li>Ard\u0131ndan, videoyu hikaye k\u0131sm\u0131nda a\u00e7\u0131n. Hikaye olu\u015fturma i\u015flemi i\u00e7in profilinizin \u00fcst\u00fcndeki hikaye simgesini veya ana sayfan\u0131z\u0131n \u00fcst sol k\u00f6\u015fesindeki &#8220;Hikaye&#8221; se\u00e7ene\u011fini kullanabilirsiniz.<\/li>\n\n\n\n<li>Videoyu hikayede a\u00e7t\u0131ktan sonra, diledi\u011finiz d\u00fczenlemeleri yapabilirsiniz. Bu d\u00fczenlemeler aras\u0131nda renklendirme, m\u00fczik eklemek, GIF eklemek gibi se\u00e7enekler bulunur. Videoyu ki\u015fiselle\u015ftirmek i\u00e7in bu \u00f6zellikleri kullanabilirsiniz.<\/li>\n\n\n\n<li>Hareketli yaz\u0131 eklemek i\u00e7in, videoyu oynat\u0131rken ekranda beliren yaz\u0131 se\u00e7eneklerini kullanabilirsiniz. Bu se\u00e7enekler genellikle metin eklemek i\u00e7in bir ara\u00e7 sunar.<\/li>\n\n\n\n<li>Metni ekledikten sonra, bir nesneyi veya belirli bir b\u00f6lgeyi hedef alarak metni sabitleyin. \u00d6rne\u011fin, metni bir k\u00f6pe\u011fin y\u00fcz\u00fcne sabitlemek isterseniz, k\u00f6pe\u011fin y\u00fcz\u00fcn\u00fc se\u00e7in ve metni bu b\u00f6lgeye yerle\u015ftirin.<\/li>\n\n\n\n<li>Son kontrolleri yap\u0131n ve hareketli yaz\u0131n\u0131n video i\u00e7eri\u011finizle uyumlu oldu\u011fundan emin olun. Hareketli yaz\u0131, videoyu oynatt\u0131\u011f\u0131n\u0131zda hareket edecektir.<\/li>\n\n\n\n<li>\u0130\u00e7eri\u011fi payla\u015fmadan \u00f6nce, videoyu kaydedip profilinizde, hikayenizde veya \u00f6ne \u00e7\u0131kanlar k\u0131sm\u0131nda payla\u015fmak istedi\u011finiz yere ekleyin.<\/li>\n<\/ul>\n\n\n\n<p>E\u011fer Instagram&#8217;\u0131n sundu\u011fu ara\u00e7larla yetinmeyip daha fazla \u00f6zelle\u015ftirme yapmak isterseniz, Google Play veya App Store&#8217;da bulunan \u00fc\u00e7\u00fcnc\u00fc taraf uygulamalar\u0131 inceleyebilirsiniz. Baz\u0131 uygulamalar\u0131n hareketli yaz\u0131 ekleme \u00f6zellikleri bulunur, ancak bu uygulamalar\u0131n kullan\u0131m\u0131 daha karma\u015f\u0131k olur.<\/p>\n\n\n\n<h2 class=\"wp-block-heading\">Instagram Videoya Yaz\u0131 Ekleme Nas\u0131l Yap\u0131l\u0131r?<\/h2>\n\n\n\n<p>Instagram&#8217;da hareketli olmayan, yaln\u0131zca foto\u011fraf veya video i\u00e7eriklerinize metin eklemek istiyorsan\u0131z, bunu kolayca yapabilirsiniz. Bunun i\u00e7in a\u015fa\u011f\u0131daki ad\u0131mlar\u0131 takip edebilirsiniz:<\/p>\n\n\n\n<ul class=\"wp-block-list\">\n<li>Instagram uygulamas\u0131n\u0131 a\u00e7\u0131n ve ana sayfan\u0131zda veya profilinizde sa\u011f \u00fcst k\u00f6\u015fede bulunan &#8220;Hikaye&#8221; se\u00e7ene\u011fine t\u0131klayarak hikayeler b\u00f6l\u00fcm\u00fcne gidin.<\/li>\n\n\n\n<li>Daha sonra, payla\u015fmak istedi\u011finiz foto\u011fraf veya videoyu se\u00e7in. Bu i\u00e7erik, hikayenizin temelini olu\u015fturacak.<\/li>\n\n\n\n<li>Foto\u011fraf veya videoyu se\u00e7tikten sonra, ekranda \u00e7e\u015fitli d\u00fczenleme se\u00e7enekleri g\u00f6r\u00fcnecektir. \u0130\u015fte bu a\u015famada &#8220;\u00dczerine dokunun&#8221; se\u00e7ene\u011fine t\u0131klay\u0131n.<\/li>\n\n\n\n<li>Dokunduktan sonra, klavyenizin a\u00e7\u0131ld\u0131\u011f\u0131n\u0131 g\u00f6receksiniz. Burada yazmak istedi\u011finiz metni girebilirsiniz. Ayn\u0131 zamanda sol \u00fcst k\u00f6\u015fede bulunan &#8220;Aa&#8221; i\u015faretine t\u0131klayarak yaz\u0131n\u0131z\u0131n fontunu da de\u011fi\u015ftirebilirsiniz. Bu, metnin g\u00f6r\u00fcn\u00fcm\u00fcn\u00fc \u00f6zelle\u015ftirmenize olanak tan\u0131r.<\/li>\n\n\n\n<li>Yaz\u0131n\u0131z\u0131n boyutunu ayarlamak i\u00e7in, metni iki parma\u011f\u0131n\u0131zla ekrana koyarak geni\u015fletebilir veya s\u0131k\u0131\u015ft\u0131rabilirsiniz. Bu, metni daha b\u00fcy\u00fck veya daha k\u00fc\u00e7\u00fck yapman\u0131za yard\u0131mc\u0131 olur.<\/li>\n\n\n\n<li>Son olarak, i\u00e7eri\u011finizi daha da zenginle\u015ftirmek i\u00e7in gif, m\u00fczik eklemek veya etiket yap\u0131\u015ft\u0131rmak gibi ek ayarlar\u0131 yapabilirsiniz. T\u00fcm d\u00fczenlemeleri tamamlad\u0131ktan sonra, i\u00e7eri\u011finizi payla\u015fmak i\u00e7in ekran\u0131n \u00fcst k\u0131sm\u0131nda bulunan a\u015fa\u011f\u0131 bakan oka dokunarak kaydedebilir ve profilinizde payla\u015fabilirsiniz.<\/li>\n<\/ul>\n\n\n\n<p><strong>Instagram hareketli yaz\u0131 ekleme<\/strong> i\u00e7in kullan\u0131c\u0131 dostu bir ara y\u00fcz sunar. Bu sayede foto\u011fraf ve videolar\u0131n\u0131za ki\u015fisel notlar, a\u00e7\u0131klamalar veya etiketler ekleyebilirsiniz. Bu \u00f6zellik, i\u00e7eriklerinizi daha anlaml\u0131 ve ilgi \u00e7ekici hale getirmenize yard\u0131mc\u0131 olur ve takip\u00e7ilerinizle daha iyi etkile\u015fim kurman\u0131z\u0131 sa\u011flar.<\/p>\n\n\n\n<h2 class=\"wp-block-heading\">Instagram Hikayeye Hareketli Yaz\u0131 Ekleme<\/h2>\n\n\n\n<p>Instagram, kullan\u0131c\u0131lar\u0131na yeni bir \u00f6zellik sunarak &#8220;Hikayelerde Yaz\u0131 Modu&#8221;nu duyurdu. Bu \u00f6zellik sayesinde, hikayelerinizi daha ki\u015fisel ve \u00e7ekici hale getirmeniz i\u00e7in \u00e7e\u015fitli \u00f6\u011feleri \u00f6zelle\u015ftirebilirsiniz. Bu yeni \u00f6zelli\u011fi kullanarak yapabilecekleriniz \u015f\u00f6yle:<\/p>\n\n\n\n<p><strong>Arka Plan Rengi:<\/strong> Hikayenizin arka plan rengini de\u011fi\u015ftirebilirsiniz. Bunun i\u00e7in sol alt k\u00f6\u015fede bulunan daire simgesine dokunman\u0131z yeterlidir. Bu \u00f6zellik, metninizi daha belirgin hale getirmenize ve hikayenizin esteti\u011fini geli\u015ftirmenize olanak tan\u0131r.<\/p>\n\n\n\n<p><strong>Metin Rengi:<\/strong> Metinlerinizi istedi\u011finiz renkte yazabilirsiniz. Metni se\u00e7tikten sonra metin rengini de\u011fi\u015ftirmek i\u00e7in kullanabilece\u011finiz renk se\u00e7enekleri sunulur. Bu, metinlerinizi hikayenizin temposuna veya ki\u015fisel tarz\u0131n\u0131za uygun olarak \u00f6zelle\u015ftirmenizi sa\u011flar.<\/p>\n\n\n\n<p><strong>Vurgu Rengi:<\/strong> Belirli metin stilleri i\u00e7in vurgu rengini ayarlayabilirsiniz. Bu, metinlerinizi daha dikkat \u00e7ekici hale getirmeniz i\u00e7in farkl\u0131 renk se\u00e7enekleri sunar.<\/p>\n\n\n\n<p><strong>Arka Plan Foto\u011fraf\u0131:<\/strong> Hikayenizin arka plan\u0131na foto\u011fraf eklemek isterseniz, sa\u011f alt k\u00f6\u015fede bulunan foto\u011fraf makinesi simgesine dokunun. Bu, hikayenize g\u00f6rsel bir derinlik ve katmanl\u0131k katman eklemenize yard\u0131mc\u0131 olur.<\/p>\n\n\n\n<p>Bu yeni \u00f6zellik, Instagram kullan\u0131c\u0131lar\u0131na hikayelerini daha \u00f6zg\u00fcn ve dikkat \u00e7ekici hale getirme f\u0131rsat\u0131 sunar. Metinlerinizi, arka planlar\u0131 ve renkleri ki\u015fiselle\u015ftirerek i\u00e7eriklerinizi daha etkileyici ve \u00f6zg\u00fcn bir \u015fekilde payla\u015fabilirsiniz. Bu da takip\u00e7ilerinizle daha g\u00fc\u00e7l\u00fc bir ba\u011f kurman\u0131za yard\u0131mc\u0131 olur. Instagram&#8217;\u0131n bu t\u00fcr \u00f6zelliklerle platformunu s\u00fcrekli olarak g\u00fcncellemesi, kullan\u0131c\u0131lar\u0131n yarat\u0131c\u0131l\u0131klar\u0131n\u0131 daha fazla ifade etmelerine olanak tan\u0131r.<\/p>\n\n\n\n<h2 class=\"wp-block-heading\">Instagram\u2019da Hareketli Sticker Yapma<\/h2>\n\n\n\n<p>Instagram hikayelerine GIF eklemek olduk\u00e7a e\u011flenceli ve dikkat \u00e7ekici bir yol sunar. Bu i\u015flemi ad\u0131m ad\u0131m nas\u0131l yapabilece\u011finizi \u00f6zetledik:<\/p>\n\n\n\n<ul class=\"wp-block-list\">\n<li>Hikaye olu\u015fturma i\u015flemine ba\u015flamak i\u00e7in Instagram uygulamas\u0131n\u0131 a\u00e7\u0131n. Ard\u0131ndan, hareketli animasyon eklemek istedi\u011finiz foto\u011fraf veya videoyu \u00e7ekin ya da galerinizden se\u00e7in.<\/li>\n\n\n\n<li>Se\u00e7ti\u011finiz foto\u011fraf veya videoyu hikaye payla\u015f\u0131m\u0131na haz\u0131r hale getirdikten sonra, hikaye d\u00fczenleme ekran\u0131na ge\u00e7in.<\/li>\n\n\n\n<li>Hikaye d\u00fczenleme ekran\u0131ndayken, eklemek istedi\u011finiz GIF&#8217;i eklemek i\u00e7in sa\u011f \u00fcst k\u00f6\u015fede bulunan etiket (g\u00fclen y\u00fcz ikonu) simgesine dokunun. Bu simge, hikaye d\u00fczenlemenizin renklendirilmesi i\u00e7in bir\u00e7ok se\u00e7ene\u011fi i\u00e7erir.<\/li>\n\n\n\n<li>Etiket simgesine dokunduktan sonra, ekran\u0131n\u0131za GIF ekleme se\u00e7ene\u011fi \u00e7\u0131kacakt\u0131r. Bu se\u00e7ene\u011fi se\u00e7in.<\/li>\n\n\n\n<li>GIF se\u00e7eneklerini g\u00f6r\u00fcnt\u00fcleyece\u011finiz bir arama \u00e7ubu\u011fu a\u00e7\u0131lacakt\u0131r. \u0130stedi\u011finiz GIF&#8217;i bulmak i\u00e7in bu \u00e7ubu\u011fa anahtar kelime veya ifadeleri girebilirsiniz. \u00d6rne\u011fin, &#8220;komik&#8221; veya &#8220;tebrik&#8221; gibi anahtar kelimelerle arama yapabilirsiniz.<\/li>\n\n\n\n<li>\u0130stedi\u011finiz GIF&#8217;i buldu\u011funuzda, dokunarak se\u00e7ebilirsiniz. Se\u00e7ti\u011finiz GIF, hikayenizin \u00fczerine eklenir.<\/li>\n\n\n\n<li>Ekledi\u011finiz GIF&#8217;i istedi\u011finiz konuma ta\u015f\u0131yabilir ve boyutunu de\u011fi\u015ftirebilirsiniz. Bunu yapmak i\u00e7in GIF&#8217;i s\u00fcr\u00fckleyebilir veya iki parma\u011f\u0131n\u0131z\u0131 kullanarak b\u00fcy\u00fct\u00fcp k\u00fc\u00e7\u00fcltebilirsiniz.<\/li>\n\n\n\n<li>GIF&#8217;i yerle\u015ftirdikten sonra, hikayenizi payla\u015fmaya haz\u0131rs\u0131n\u0131z. Hikayenizi payla\u015fmak i\u00e7in &#8220;Hikayeyi Payla\u015f&#8221; veya &#8220;Hikayeni G\u00f6nder&#8221; gibi bir se\u00e7ene\u011fi kullanabilirsiniz.<\/li>\n<\/ul>\n\n\n\n<p><strong><a href=\"https:\/\/www.tamindir.com\/blog\/instagram-da-gif-nasil-paylasilir_35602\/\" target=\"_blank\" rel=\"noopener\">Instagram hikayelerine GIF eklemek<\/a><\/strong>, i\u00e7eriklerinizi daha e\u011flenceli ve \u00e7ekici hale getirmenin harika bir yoludur. Bu ad\u0131mlar\u0131 takip ederek, takip\u00e7ilerinizi g\u00fcld\u00fcrebilir, tebrik edebilir veya hikayenize ki\u015fisel bir dokunu\u015f ekleyebilirsiniz. Bu da Instagram hikayelerinizi daha ilgi \u00e7ekici hale getirmenize yard\u0131mc\u0131 olur.<\/p>\n\n\n\n<p class=\"has-text-align-center\"><strong><a href=\"https:\/\/crovu.com\/blog\/tiktok-hesap-silme-nasil-yapilir\/\">TikTok Hesap Silme Nas\u0131l Yap\u0131l\u0131r?<\/a><\/strong><\/p>\n","protected":false},"excerpt":{"rendered":"<p>Instagram, g\u00f6rsel i\u00e7eriklerin payla\u015f\u0131ld\u0131\u011f\u0131 bir platform olmas\u0131n\u0131n yan\u0131 s\u0131ra, farkl\u0131 \u00f6zellikleri kullanarak i\u00e7eriklerinizi daha zengin ve \u00e7ekici hale getirmeniz i\u00e7in bir\u00e7ok f\u0131rsat sunar. Her zaman ayn\u0131 konseptte videolar veya foto\u011fraflar payla\u015fmak, takip\u00e7ilerinizin zamanla s\u0131k\u0131lmas\u0131na ve ilgi kaybetmesine neden olur. Bu nedenle, i\u00e7eriklerinizi \u00e7e\u015fitlendirmek ve dikkat \u00e7ekmek i\u00e7in baz\u0131 t\u00fcyolara odaklanmak \u00f6nemlidir. Instagram hareketli yaz\u0131 ekleme [&hellip;]<\/p>\n","protected":false},"author":4,"featured_media":6417,"comment_status":"open","ping_status":"open","sticky":false,"template":"","format":"standard","meta":{"inline_featured_image":false,"footnotes":""},"categories":[4],"tags":[425],"class_list":["post-6416","post","type-post","status-publish","format-standard","has-post-thumbnail","hentry","category-blog-yazilari","tag-instagram-hareketli-yazi-ekleme"],"blocksy_meta":[],"_links":{"self":[{"href":"https:\/\/crovu.com\/blog\/wp-json\/wp\/v2\/posts\/6416","targetHints":{"allow":["GET"]}}],"collection":[{"href":"https:\/\/crovu.com\/blog\/wp-json\/wp\/v2\/posts"}],"about":[{"href":"https:\/\/crovu.com\/blog\/wp-json\/wp\/v2\/types\/post"}],"author":[{"embeddable":true,"href":"https:\/\/crovu.com\/blog\/wp-json\/wp\/v2\/users\/4"}],"replies":[{"embeddable":true,"href":"https:\/\/crovu.com\/blog\/wp-json\/wp\/v2\/comments?post=6416"}],"version-history":[{"count":1,"href":"https:\/\/crovu.com\/blog\/wp-json\/wp\/v2\/posts\/6416\/revisions"}],"predecessor-version":[{"id":6418,"href":"https:\/\/crovu.com\/blog\/wp-json\/wp\/v2\/posts\/6416\/revisions\/6418"}],"wp:featuredmedia":[{"embeddable":true,"href":"https:\/\/crovu.com\/blog\/wp-json\/wp\/v2\/media\/6417"}],"wp:attachment":[{"href":"https:\/\/crovu.com\/blog\/wp-json\/wp\/v2\/media?parent=6416"}],"wp:term":[{"taxonomy":"category","embeddable":true,"href":"https:\/\/crovu.com\/blog\/wp-json\/wp\/v2\/categories?post=6416"},{"taxonomy":"post_tag","embeddable":true,"href":"https:\/\/crovu.com\/blog\/wp-json\/wp\/v2\/tags?post=6416"}],"curies":[{"name":"wp","href":"https:\/\/api.w.org\/{rel}","templated":true}]}}