{"id":6590,"date":"2024-02-15T09:18:50","date_gmt":"2024-02-15T09:18:50","guid":{"rendered":"https:\/\/crovu.com\/blog\/?p=6590"},"modified":"2026-01-03T13:18:11","modified_gmt":"2026-01-03T13:18:11","slug":"instagram-aktiflik-kapatma-nasil-yapilir","status":"publish","type":"post","link":"https:\/\/crovu.com\/blog\/instagram-aktiflik-kapatma-nasil-yapilir\/","title":{"rendered":"Instagram Aktiflik Kapatma Nas\u0131l Yap\u0131l\u0131r?"},"content":{"rendered":"\n<p>Sosyal medyan\u0131n g\u00fcnl\u00fck ya\u015fam\u0131m\u0131zdaki yerinin b\u00fcy\u00fcmesiyle, Instagram gibi platformlar anl\u0131k ileti\u015fim ve durum payla\u015f\u0131m\u0131 i\u00e7in vazge\u00e7ilmez ara\u00e7lar haline geldi. Bu platformlar, kullan\u0131c\u0131lar\u0131n birbirleriyle etkile\u015fimde bulunmas\u0131n\u0131 kolayla\u015ft\u0131r\u0131rken, ayn\u0131 zamanda kullan\u0131c\u0131lar\u0131n \u00e7evrimi\u00e7i olup olmad\u0131klar\u0131n\u0131 g\u00f6sterme \u00f6zelli\u011fiyle de ki\u015fisel bir dokunu\u015f ekliyor. Ancak, baz\u0131 durumlarda, kullan\u0131c\u0131lar kendi \u00e7evrimi\u00e7i durumlar\u0131n\u0131n gizli kalmas\u0131n\u0131 tercih edebilirler. \u00d6zellikle Instagram&#8217;da, bu durum s\u0131k\u00e7a kar\u015f\u0131la\u015f\u0131lan bir ihtiya\u00e7t\u0131r. Kar\u015f\u0131l\u0131kl\u0131 mesajla\u015fmalar s\u0131ras\u0131nda, e\u011fer istenirse, kar\u015f\u0131 taraf\u0131n sizin aktif olup olmad\u0131\u011f\u0131n\u0131z\u0131 g\u00f6rmesini engellemek m\u00fcmk\u00fcnd\u00fcr. <strong>Instagram aktiflik kapatma<\/strong> i\u015flemi ile t\u00fcm detayl\u0131 bilgileri sizler i\u00e7in derledik.<\/p>\n\n\n\n<p>Bu, Instagram&#8217;\u0131n sundu\u011fu bir ayarlar se\u00e7ene\u011fi arac\u0131l\u0131\u011f\u0131yla kolayl\u0131kla ger\u00e7ekle\u015ftirilebilir. Kullan\u0131c\u0131lar\u0131n gizlilik ve ki\u015fisel alanlar\u0131na sayg\u0131 duyulmas\u0131n\u0131 sa\u011flayan bu \u00f6zellik, \u00f6zellikle gizlili\u011fe \u00f6nem veren kullan\u0131c\u0131lar i\u00e7in olduk\u00e7a yararl\u0131d\u0131r. Aktiflik durumunu kapatma i\u015flemi, birka\u00e7 basit ad\u0131mla uygulama i\u00e7erisinden yap\u0131labilir ve bu sayede kullan\u0131c\u0131lar, \u00e7evrimi\u00e7i olduklar\u0131nda bile bu bilginin di\u011fer kullan\u0131c\u0131larla payla\u015f\u0131lmamas\u0131n\u0131 tercih edebilirler. Bu i\u015flevsellik, Instagram kullan\u0131c\u0131lar\u0131n\u0131n deneyimlerini daha kontroll\u00fc ve \u00f6zelle\u015ftirilmi\u015f hale getirerek, <a href=\"https:\/\/crovu.com\/\" data-internallinksmanager029f6b8e52c=\"4\" title=\"Crovu Sosyal Medya Ajans\u0131\">sosyal medya<\/a> etkile\u015fimlerini kendi tercihlerine g\u00f6re \u015fekillendirmelerine olanak tan\u0131r.<\/p>\n\n\n\n<p class=\"has-text-align-center\"><strong><a href=\"https:\/\/crovu.com\/instagram-begeni-satin-al\/\">Instagram Be\u011feni Sat\u0131n Al<\/a><\/strong><\/p>\n\n\n\n<h2 class=\"wp-block-heading\">Instagram Aktiflik Nas\u0131l Kapat\u0131l\u0131r?<\/h2>\n\n\n\n<p><strong>Instagram aktiflik<\/strong> <strong>kapatma<\/strong>, gizlilik tercihlerinize uygun bir \u015fekilde sosyal medya deneyiminizi ki\u015fiselle\u015ftirmenize olanak tan\u0131r. Bu i\u015flemi ger\u00e7ekle\u015ftirmek i\u00e7in a\u015fa\u011f\u0131daki ad\u0131mlar\u0131 takip edebilirsiniz:<\/p>\n\n\n\n<ul class=\"wp-block-list\">\n<li><strong>Instagram Uygulamas\u0131n\u0131 A\u00e7\u0131n:<\/strong> Telefonunuzda Instagram uygulamas\u0131n\u0131 a\u00e7\u0131n ve ana sayfan\u0131zda oldu\u011funuzdan emin olun.<\/li>\n\n\n\n<li><strong>Profilinize Gidin:<\/strong> Ekran\u0131n alt sa\u011f k\u00f6\u015fesinde bulunan profil simgesine dokunarak profil sayfan\u0131za gidin.<\/li>\n\n\n\n<li><strong>Ayarlar Men\u00fcs\u00fcne Eri\u015fin:<\/strong> Profil sayfan\u0131zda, ekran\u0131n sa\u011f \u00fcst k\u00f6\u015fesindeki \u00fc\u00e7 \u00e7izgi simgesine dokunun. Bu, bir men\u00fc a\u00e7acakt\u0131r. Men\u00fcdeki se\u00e7eneklerden &#8220;Ayarlar&#8221; (veya &#8220;Settings&#8221;) se\u00e7ene\u011fine dokunun.<\/li>\n\n\n\n<li><strong>Gizlilik Ayarlar\u0131na Girin:<\/strong> &#8220;Ayarlar&#8221; men\u00fcs\u00fcnde, &#8220;Gizlilik&#8221; (veya &#8220;Privacy&#8221;) se\u00e7ene\u011fine dokunun.<\/li>\n\n\n\n<li><strong>Aktiflik Durumu Ayarlar\u0131na Ula\u015f\u0131n:<\/strong> &#8220;Gizlilik&#8221; ayarlar\u0131 i\u00e7erisinde, &#8220;Aktiflik Durumu&#8221; (veya &#8220;Activity Status&#8221;) se\u00e7ene\u011fini bulun ve \u00fczerine dokunun.<\/li>\n\n\n\n<li><strong>Aktiflik Durumunu Kapat\u0131n: <\/strong>&#8220;Aktiflik Durumu&#8221; ayarlar\u0131 sayfas\u0131nda, &#8220;Aktiflik durumunu g\u00f6ster&#8221; (veya &#8220;Show Activity Status&#8221;) se\u00e7ene\u011finin yan\u0131ndaki kayd\u0131r\u0131c\u0131y\u0131 kapal\u0131 konuma getirin. Bu ayar, di\u011fer Instagram kullan\u0131c\u0131lar\u0131n\u0131n sizin \u00e7evrimi\u00e7i olup olmad\u0131\u011f\u0131n\u0131z\u0131 veya en son ne zaman aktif oldu\u011funuzu g\u00f6rmesini engeller.<\/li>\n<\/ul>\n\n\n\n<p>Bu i\u015flemleri tamamlad\u0131ktan sonra, Instagram&#8217;daki aktiflik durumunuz di\u011fer kullan\u0131c\u0131lar taraf\u0131ndan g\u00f6r\u00fclemeyecek. Diledi\u011finiz zaman bu ayar\u0131 tekrar a\u00e7arak aktiflik durumunuzun g\u00f6r\u00fcn\u00fcr olmas\u0131n\u0131 sa\u011flayabilirsiniz. Bu \u00f6zellik, gizlili\u011finizi korumak ve \u00e7evrimi\u00e7i varl\u0131\u011f\u0131n\u0131z\u0131 daha kontrol alt\u0131nda tutmak istedi\u011finizde olduk\u00e7a faydal\u0131d\u0131r.<\/p>\n\n\n\n<h2 class=\"wp-block-heading\">Instagram Son G\u00f6r\u00fclme Kapat\u0131l\u0131r m\u0131?<\/h2>\n\n\n\n<p><a href=\"https:\/\/www.donanimhaber.com\/instagram-aktiflik-kapatma-nasil-yapilir--152062\" target=\"_blank\" rel=\"noopener\">Instagram&#8217;da &#8220;Son G\u00f6r\u00fclme<\/a>&#8221; (yani &#8220;Instagram Aktiflik Durumu&#8221;) \u00f6zelli\u011fini kapatmak m\u00fcmk\u00fcnd\u00fcr. Bu \u00f6zellik, mesajla\u015fma (Direct Messages, DM) b\u00f6l\u00fcm\u00fcnde di\u011fer kullan\u0131c\u0131larla olan etkile\u015fiminizde, sizin en son ne zaman \u00e7evrimi\u00e7i oldu\u011funuzu veya aktif oldu\u011funuzu g\u00f6sterir. Aktiflik durumunuzu kapatmak, gizlili\u011finizi korumak ve \u00e7evrimi\u00e7i etkinlikleriniz \u00fczerinde daha fazla kontrol sahibi olmak istiyorsan\u0131z kullan\u0131\u015fl\u0131 bir se\u00e7enektir. Aktiflik durumunuzu kapatmak i\u00e7in a\u015fa\u011f\u0131daki ad\u0131mlar\u0131 takip edebilirsiniz:<\/p>\n\n\n\n<ul class=\"wp-block-list\">\n<li>Telefonunuzda Instagram uygulamas\u0131n\u0131 a\u00e7\u0131n ve profil sayfan\u0131za gidin.<\/li>\n\n\n\n<li>Profil sayfan\u0131zda, ekran\u0131n sa\u011f \u00fcst k\u00f6\u015fesindeki \u00fc\u00e7 \u00e7izgi simgesine dokunun ve ard\u0131ndan a\u00e7\u0131lan men\u00fcden &#8220;Ayarlar&#8221; se\u00e7ene\u011fine dokunun.<\/li>\n\n\n\n<li>&#8220;Ayarlar&#8221; men\u00fcs\u00fcnde, &#8220;Gizlilik&#8221; se\u00e7ene\u011fini bulun ve se\u00e7in.<\/li>\n\n\n\n<li>&#8220;Gizlilik&#8221; men\u00fcs\u00fcnde, &#8220;Aktiflik Durumu&#8221; veya buna benzer bir se\u00e7ene\u011fe dokunun. Se\u00e7enekler ve terimler, Instagram&#8217;\u0131n uygulama s\u00fcr\u00fcm\u00fcne g\u00f6re de\u011fi\u015fiklik g\u00f6sterebilir.<\/li>\n\n\n\n<li>&#8220;Aktiflik Durumu&#8221; sayfas\u0131nda, aktiflik durumunuzu g\u00f6sterme se\u00e7ene\u011fini kapal\u0131 konuma getirin. Bu ayar, di\u011fer kullan\u0131c\u0131lar\u0131n sizin en son ne zaman \u00e7evrimi\u00e7i oldu\u011funuzu g\u00f6rmesini engeller.<\/li>\n<\/ul>\n\n\n\n<p>Aktiflik durumunuzu kapatt\u0131\u011f\u0131n\u0131zda, di\u011fer kullan\u0131c\u0131lar sizin son g\u00f6r\u00fclme zaman\u0131n\u0131z\u0131 g\u00f6remezler. Ancak, bu ayar\u0131 kapatt\u0131\u011f\u0131n\u0131zda siz de di\u011fer kullan\u0131c\u0131lar\u0131n son g\u00f6r\u00fclme zamanlar\u0131n\u0131 g\u00f6remezsiniz. Bu, Instagram&#8217;\u0131n gizlilik ve kar\u015f\u0131l\u0131kl\u0131l\u0131k prensibine dayan\u0131r. \u0130stedi\u011finiz zaman bu ayar\u0131 tekrar a\u00e7arak son g\u00f6r\u00fclme bilginizin g\u00f6r\u00fcn\u00fcr olmas\u0131n\u0131 sa\u011flayabilirsiniz.<\/p>\n\n\n\n<h2 class=\"wp-block-heading\">Instagram\u2019da Aktif Olan Birini Neden G\u00f6remiyorum?<\/h2>\n\n\n\n<p>Instagram&#8217;da bir kullan\u0131c\u0131n\u0131n aktif oldu\u011funu g\u00f6rememenizin birka\u00e7 olas\u0131 nedeni vard\u0131r. Bu durum, genellikle a\u015fa\u011f\u0131daki fakt\u00f6rlere ba\u011fl\u0131 olarak de\u011fi\u015fiklik g\u00f6sterir:<\/p>\n\n\n\n<ul class=\"wp-block-list\">\n<li><strong>Aktiflik Durumu Kapal\u0131:<\/strong> E\u011fer bir kullan\u0131c\u0131 kendi hesab\u0131nda &#8220;Aktiflik Durumu&#8221; \u00f6zelli\u011fini kapatt\u0131ysa, o kullan\u0131c\u0131n\u0131n ne zaman \u00e7evrimi\u00e7i oldu\u011funu veya en son ne zaman aktif oldu\u011funu g\u00f6remezsiniz. Bu, kullan\u0131c\u0131lar\u0131n gizlilik tercihlerine sayg\u0131 duyulmas\u0131n\u0131 sa\u011flayan bir \u00f6zelliktir.<\/li>\n\n\n\n<li><strong>Sizin Aktiflik Durumunuz Kapal\u0131:<\/strong> E\u011fer siz kendi aktiflik durumunuzu kapatt\u0131ysan\u0131z, di\u011fer kullan\u0131c\u0131lar\u0131n aktiflik durumlar\u0131n\u0131 da g\u00f6remezsiniz. Instagram, aktiflik durumunu g\u00f6rebilmeniz i\u00e7in kar\u015f\u0131l\u0131kl\u0131l\u0131k esas\u0131na dayal\u0131 bir sistem kullan\u0131r.<\/li>\n\n\n\n<li><strong>Ba\u011flant\u0131 Sorunlar\u0131:<\/strong> E\u011fer internet ba\u011flant\u0131n\u0131zda sorunlar ya\u015f\u0131yorsan\u0131z veya Instagram&#8217;\u0131n sunucular\u0131 ge\u00e7ici bir sorunla kar\u015f\u0131la\u015f\u0131yorsa, bu da aktiflik bilgilerinin do\u011fru bir \u015fekilde y\u00fcklenmemesine neden olur.<\/li>\n\n\n\n<li><strong>Gizlilik Ayarlar\u0131 ve Engelleme:<\/strong> Bir kullan\u0131c\u0131 sizi engellediyse veya belirli gizlilik ayarlar\u0131n\u0131 uygulad\u0131ysa, onlar\u0131n aktiflik durumunu g\u00f6remeyebilirsiniz.<\/li>\n\n\n\n<li><strong>Uygulama G\u00fcncellenmemi\u015f Olabilir: <\/strong>E\u011fer Instagram uygulaman\u0131z g\u00fcncel de\u011filse, baz\u0131 \u00f6zellikler beklenildi\u011fi gibi \u00e7al\u0131\u015fmayabilir. Uygulaman\u0131z\u0131 en son s\u00fcr\u00fcme g\u00fcncelleyerek bu t\u00fcr sorunlar\u0131n \u00f6n\u00fcne ge\u00e7ebilirsiniz.<\/li>\n\n\n\n<li><strong>Hesap Ayarlar\u0131 veya Hata:<\/strong> Nadiren de olsa, Instagram&#8217;da teknik bir hata veya hesap ayarlar\u0131n\u0131zda bir sorun olabilir. Bu durumda, uygulamay\u0131 yeniden ba\u015flatmak veya hesab\u0131n\u0131zdan \u00e7\u0131k\u0131p tekrar giri\u015f yapmak sorunu \u00e7\u00f6zebilir.<\/li>\n<\/ul>\n\n\n\n<p>Bu t\u00fcr durumlar, Instagram&#8217;\u0131n kullan\u0131c\u0131 gizlili\u011fine verdi\u011fi \u00f6nemi ve platformdaki etkile\u015fim dinamiklerini yans\u0131t\u0131r. E\u011fer bir kullan\u0131c\u0131n\u0131n aktiflik durumunu g\u00f6remiyorsan\u0131z ve bu durumun nedenini merak ediyorsan\u0131z, yukar\u0131daki olas\u0131 sebepleri g\u00f6z \u00f6n\u00fcnde bulundurabilirsiniz.<\/p>\n\n\n\n<h2 class=\"wp-block-heading\">Instagram\u2019da Aktiflik Nas\u0131l A\u00e7\u0131l\u0131r?<\/h2>\n\n\n\n<p><strong>Instagram aktiflik<\/strong> durumunuzu a\u00e7mak, di\u011fer kullan\u0131c\u0131lar\u0131n sizin \u00e7evrimi\u00e7i olup olmad\u0131\u011f\u0131n\u0131z\u0131 veya en son ne zaman aktif oldu\u011funuzu g\u00f6rmelerini sa\u011flar. Bu \u00f6zellik, sosyal etkile\u015fimleri art\u0131rmaya yard\u0131mc\u0131 olabilir ve mesajla\u015f\u0131rken daha dinamik bir ileti\u015fim kurulmas\u0131na olanak tan\u0131r. Aktiflik durumunuzu a\u00e7mak i\u00e7in a\u015fa\u011f\u0131daki ad\u0131mlar\u0131 takip edebilirsiniz:<\/p>\n\n\n\n<ul class=\"wp-block-list\">\n<li>Telefonunuzda Instagram uygulamas\u0131n\u0131 a\u00e7\u0131n.<\/li>\n\n\n\n<li>Ekran\u0131n alt\u0131nda bulunan profil simgesine dokunarak profil sayfan\u0131za gidin.<\/li>\n\n\n\n<li>Profil sayfan\u0131zda, ekran\u0131n sa\u011f \u00fcst k\u00f6\u015fesindeki \u00fc\u00e7 \u00e7izgi simgesine dokunun. Ard\u0131ndan a\u00e7\u0131lan men\u00fcde &#8220;Ayarlar&#8221; se\u00e7ene\u011fine dokunun.<\/li>\n\n\n\n<li>&#8220;Ayarlar&#8221; men\u00fcs\u00fcnde &#8220;Gizlilik&#8221; se\u00e7ene\u011fini bulun ve \u00fczerine dokunun.<\/li>\n\n\n\n<li>&#8220;Gizlilik&#8221; men\u00fcs\u00fcnde &#8220;Aktiflik Durumu&#8221; se\u00e7ene\u011fine dokunun. Bu se\u00e7enek, Instagram&#8217;\u0131n s\u00fcr\u00fcm\u00fcne ve dil ayarlar\u0131na ba\u011fl\u0131 olarak farkl\u0131 adland\u0131r\u0131labilir.<\/li>\n\n\n\n<li>&#8220;Aktiflik Durumu&#8221; sayfas\u0131nda, &#8220;Aktiflik durumunu g\u00f6ster&#8221; (veya benzeri bir ifade) se\u00e7ene\u011finin yan\u0131ndaki kayd\u0131r\u0131c\u0131y\u0131 a\u00e7\u0131k konuma getirin. Bu ayar, di\u011fer Instagram kullan\u0131c\u0131lar\u0131n\u0131n sizin \u00e7evrimi\u00e7i olup olmad\u0131\u011f\u0131n\u0131z\u0131 veya en son ne zaman aktif oldu\u011funuzu g\u00f6rmesine izin verir.<\/li>\n<\/ul>\n\n\n\n<p>Bu i\u015flemi tamamlad\u0131\u011f\u0131n\u0131zda, <strong>Instagram aktiflik<\/strong> durumunuz di\u011fer kullan\u0131c\u0131lar taraf\u0131ndan g\u00f6r\u00fclebilir hale gelir. Bu \u00f6zelli\u011fi istedi\u011finiz zaman kapat\u0131p a\u00e7abilirsiniz. Aktiflik durumunuzu a\u00e7\u0131k tutmak, arkada\u015flar\u0131n\u0131z\u0131n ve <a href=\"https:\/\/crovu.com\/instagram-takipci-satin-al\/\" data-internallinksmanager029f6b8e52c=\"1\" title=\"Instagram Takip\u00e7i\">takip\u00e7ilerinizin<\/a> sizinle daha etkile\u015fimli bir \u015fekilde ileti\u015fim kurmas\u0131n\u0131 sa\u011flayabilir, ancak gizlilik tercihlerinize ba\u011fl\u0131 olarak bu \u00f6zelli\u011fi y\u00f6netmek isteyebilirsiniz.<\/p>\n\n\n\n<p>Instagram, kullan\u0131c\u0131lar\u0131n\u0131n gizlilik tercihlerine b\u00fcy\u00fck \u00f6nem vererek, sosyal medya deneyimlerini kendi ihtiya\u00e7 ve isteklerine g\u00f6re \u00f6zelle\u015ftirebilmelerine olanak tan\u0131r. Aktiflik durumu \u00f6zelli\u011fi, bu anlay\u0131\u015f\u0131n bir par\u00e7as\u0131 olarak, kullan\u0131c\u0131lar\u0131n \u00e7evrimi\u00e7i varl\u0131klar\u0131n\u0131 nas\u0131l y\u00f6netmek istediklerine dair esnek se\u00e7enekler sunar. Kullan\u0131c\u0131lar, genel olarak aktiflik durumlar\u0131n\u0131 a\u00e7\u0131k hale getirebilirken, bu \u00f6zelli\u011fi daha da \u00f6zelle\u015ftirerek belirli ki\u015filere bu bilgiyi gizleme se\u00e7ene\u011fine de sahiptirler. Bu, \u00f6zellikle gizlili\u011fe \u00f6ncelik veren veya sadece belirli ki\u015filerle \u00e7evrimi\u00e7i etkile\u015fimde bulunmak isteyen kullan\u0131c\u0131lar i\u00e7in \u00f6nemli bir avantaj sa\u011flar.<\/p>\n\n\n\n<p class=\"has-text-align-center\"><strong><a href=\"https:\/\/crovu.com\/blog\/instagram-onay-kodu-gelmiyor-sorunu\/\">Instagram Onay Kodu Gelmiyor Sorunu<\/a><\/strong><\/p>\n","protected":false},"excerpt":{"rendered":"<p>Sosyal medyan\u0131n g\u00fcnl\u00fck ya\u015fam\u0131m\u0131zdaki yerinin b\u00fcy\u00fcmesiyle, Instagram gibi platformlar anl\u0131k ileti\u015fim ve durum payla\u015f\u0131m\u0131 i\u00e7in vazge\u00e7ilmez ara\u00e7lar haline geldi. Bu platformlar, kullan\u0131c\u0131lar\u0131n birbirleriyle etkile\u015fimde bulunmas\u0131n\u0131 kolayla\u015ft\u0131r\u0131rken, ayn\u0131 zamanda kullan\u0131c\u0131lar\u0131n \u00e7evrimi\u00e7i olup olmad\u0131klar\u0131n\u0131 g\u00f6sterme \u00f6zelli\u011fiyle de ki\u015fisel bir dokunu\u015f ekliyor. Ancak, baz\u0131 durumlarda, kullan\u0131c\u0131lar kendi \u00e7evrimi\u00e7i durumlar\u0131n\u0131n gizli kalmas\u0131n\u0131 tercih edebilirler. \u00d6zellikle Instagram&#8217;da, bu durum s\u0131k\u00e7a [&hellip;]<\/p>\n","protected":false},"author":4,"featured_media":6591,"comment_status":"open","ping_status":"open","sticky":false,"template":"","format":"standard","meta":{"inline_featured_image":false,"footnotes":""},"categories":[4],"tags":[474],"class_list":["post-6590","post","type-post","status-publish","format-standard","has-post-thumbnail","hentry","category-blog-yazilari","tag-instagram-aktiflik"],"blocksy_meta":[],"_links":{"self":[{"href":"https:\/\/crovu.com\/blog\/wp-json\/wp\/v2\/posts\/6590","targetHints":{"allow":["GET"]}}],"collection":[{"href":"https:\/\/crovu.com\/blog\/wp-json\/wp\/v2\/posts"}],"about":[{"href":"https:\/\/crovu.com\/blog\/wp-json\/wp\/v2\/types\/post"}],"author":[{"embeddable":true,"href":"https:\/\/crovu.com\/blog\/wp-json\/wp\/v2\/users\/4"}],"replies":[{"embeddable":true,"href":"https:\/\/crovu.com\/blog\/wp-json\/wp\/v2\/comments?post=6590"}],"version-history":[{"count":1,"href":"https:\/\/crovu.com\/blog\/wp-json\/wp\/v2\/posts\/6590\/revisions"}],"predecessor-version":[{"id":6592,"href":"https:\/\/crovu.com\/blog\/wp-json\/wp\/v2\/posts\/6590\/revisions\/6592"}],"wp:featuredmedia":[{"embeddable":true,"href":"https:\/\/crovu.com\/blog\/wp-json\/wp\/v2\/media\/6591"}],"wp:attachment":[{"href":"https:\/\/crovu.com\/blog\/wp-json\/wp\/v2\/media?parent=6590"}],"wp:term":[{"taxonomy":"category","embeddable":true,"href":"https:\/\/crovu.com\/blog\/wp-json\/wp\/v2\/categories?post=6590"},{"taxonomy":"post_tag","embeddable":true,"href":"https:\/\/crovu.com\/blog\/wp-json\/wp\/v2\/tags?post=6590"}],"curies":[{"name":"wp","href":"https:\/\/api.w.org\/{rel}","templated":true}]}}