{"id":7069,"date":"2025-01-24T23:44:00","date_gmt":"2025-01-24T23:44:00","guid":{"rendered":"https:\/\/crovu.com\/blog\/?p=7069"},"modified":"2026-01-03T13:18:11","modified_gmt":"2026-01-03T13:18:11","slug":"facebook-hikaye-olusturma-nasil-yapilir","status":"publish","type":"post","link":"https:\/\/crovu.com\/blog\/facebook-hikaye-olusturma-nasil-yapilir\/","title":{"rendered":"Facebook Hikaye Olu\u015fturma Nas\u0131l Yap\u0131l\u0131r?"},"content":{"rendered":"\n<p><strong>Facebook hikaye olu\u015fturma,<\/strong> <a href=\"https:\/\/crovu.com\/\" data-internallinksmanager029f6b8e52c=\"4\" title=\"Crovu Sosyal Medya Ajans\u0131\">sosyal medya<\/a> platformu Facebook\u2019un sundu\u011fu kullan\u0131c\u0131lar\u0131n foto\u011fraf video ve metin tabanl\u0131 payla\u015f\u0131mlar\u0131n\u0131 belirli bir s\u00fcre boyunca takip\u00e7ilerine sunmalar\u0131na olanak tan\u0131yan pop\u00fcler bir \u00f6zelliktir. Hikayeler kullan\u0131c\u0131lar\u0131n daha samimi ve h\u0131zl\u0131 bir \u015fekilde anl\u0131k payla\u015f\u0131mlar yapmas\u0131n\u0131 sa\u011flarken 24 saatlik bir zaman diliminde kaybolmalar\u0131 nedeniyle dinamik bir i\u00e7erik ak\u0131\u015f\u0131 sunar. Facebook hikaye olu\u015fturma \u00f6zelli\u011fi hem bireysel kullan\u0131c\u0131lar hem de i\u015fletmeler i\u00e7in b\u00fcy\u00fck avantajlar sa\u011flar.<\/p>\n\n\n\n<p>\u00c7\u00fcnk\u00fc kullan\u0131c\u0131lar g\u00fcnl\u00fck hayatlar\u0131ndan kesitler payla\u015fabilirken markalar da hedef kitleleriyle daha etkile\u015fimli bir ileti\u015fim kurma f\u0131rsat\u0131 yakalar. Facebook\u2019un hikaye \u00f6zelli\u011fi Instagram ve WhatsApp\u2019ta oldu\u011fu gibi kullan\u0131c\u0131lar\u0131n g\u00fcn i\u00e7erisinde anl\u0131k olarak ya\u015fad\u0131klar\u0131 olaylar\u0131 h\u0131zl\u0131ca payla\u015fmas\u0131na yard\u0131mc\u0131 olur. \u00d6zellikle sosyal medya etkile\u015fimini art\u0131rmak ve takip\u00e7ilerle daha g\u00fc\u00e7l\u00fc ba\u011flar kurmak isteyen ki\u015filer i\u00e7in olduk\u00e7a \u00f6nemli bir ara\u00e7 haline gelmi\u015ftir.<\/p>\n\n\n\n<p>Facebook, bu \u00f6zelli\u011fiyle kullan\u0131c\u0131lar\u0131n zaman ak\u0131\u015f\u0131nda kaybolan geleneksel g\u00f6nderiler yerine daha anl\u0131k payla\u015f\u0131mlar yapmas\u0131n\u0131 te\u015fvik eder. Hikayeler zaman ak\u0131\u015f\u0131nda payla\u015f\u0131lmak yerine ayr\u0131 bir b\u00f6l\u00fcmde yer al\u0131r ve kullan\u0131c\u0131n\u0131n arkada\u015flar\u0131 veya takip\u00e7ileri taraf\u0131ndan kolayca g\u00f6r\u00fcnt\u00fclenebilir.<\/p>\n\n\n\n<p>Foto\u011fraflar, videolar, GIF\u2019ler, metinler ve \u00e7\u0131kartmalar gibi \u00e7e\u015fitli medya t\u00fcrlerini destekleyen Facebook Hikayeler yarat\u0131c\u0131 i\u00e7erikler \u00fcretmek i\u00e7in geni\u015f bir yelpaze sunar. \u00d6zellikle gen\u00e7 kullan\u0131c\u0131lar aras\u0131nda olduk\u00e7a pop\u00fcler olan bu \u00f6zellik markalar\u0131n da m\u00fc\u015fterileriyle daha do\u011frudan bir ba\u011f kurmas\u0131n\u0131 sa\u011flar.<\/p>\n\n\n\n<p><strong>Facebook hikaye olu\u015fturma<\/strong> \u00f6zelli\u011fi etkile\u015fimi art\u0131rmak i\u00e7in bir\u00e7ok farkl\u0131 formatta i\u00e7erik payla\u015f\u0131m\u0131na izin verir. Canl\u0131 videolar anketler m\u00fczik ekleme ve art\u0131r\u0131lm\u0131\u015f ger\u00e7eklik filtreleri gibi \u00f6zellikler sayesinde kullan\u0131c\u0131lar kendilerini daha yarat\u0131c\u0131 bir \u015fekilde ifade edebilirler. Bu \u00f6zellik Facebook\u2019un etkile\u015fim oranlar\u0131n\u0131 y\u00fckseltmek i\u00e7in sundu\u011fu en g\u00fc\u00e7l\u00fc ara\u00e7lardan biri haline gelmi\u015ftir.<\/p>\n\n\n\n<h2 class=\"wp-block-heading\">Facebook Hikaye Olu\u015fturma \u00d6zelli\u011fi Nas\u0131l \u00c7al\u0131\u015f\u0131r?<\/h2>\n\n\n\n<p>Facebook hikaye olu\u015fturma \u00f6zelli\u011fi olduk\u00e7a basit ve kullan\u0131c\u0131 dostu bir sistem \u00fczerine kurulmu\u015ftur. Kullan\u0131c\u0131lar Facebook mobil uygulamas\u0131 veya masa\u00fcst\u00fc s\u00fcr\u00fcm\u00fc arac\u0131l\u0131\u011f\u0131yla hikaye olu\u015fturabilirler. Facebook&#8217;un ana ekran\u0131nda Hikayeler sekmesi yer al\u0131r ve buradan kullan\u0131c\u0131lar kendi hikayelerini ekleyebilir veya ba\u015fkalar\u0131n\u0131n payla\u015ft\u0131\u011f\u0131 hikayeleri g\u00f6r\u00fcnt\u00fcleyebilirler.<\/p>\n\n\n\n<p>Hikayeler payla\u015f\u0131ld\u0131ktan sonra 24 saat boyunca g\u00f6r\u00fcnt\u00fclenebilir ve ard\u0131ndan otomatik olarak silinir. Ancak kullan\u0131c\u0131lar isterlerse hikayelerini ar\u015fivleyebilir ve daha sonra tekrar payla\u015fabilirler.<\/p>\n\n\n\n<p>Facebook hikayeleri payla\u015f\u0131ld\u0131ktan sonra g\u00f6r\u00fcnt\u00fcleyen ki\u015filerin kimler oldu\u011funu g\u00f6steren bir izleme \u00f6zelli\u011fine de sahiptir. Bu sayede kullan\u0131c\u0131lar hikayelerini kimlerin izledi\u011fini kolayca g\u00f6rebilir ve etkile\u015fimlerini daha iyi analiz edebilirler. \u0130\u015fletmeler i\u00e7in bu \u00f6zellik m\u00fc\u015fteri kitlesini daha iyi anlamak ve hedef kitleyle daha g\u00fc\u00e7l\u00fc bir ba\u011flant\u0131 kurmak a\u00e7\u0131s\u0131ndan b\u00fcy\u00fck bir avantaj sa\u011flar.<\/p>\n\n\n\n<p>Hikaye payla\u015f\u0131rken kullan\u0131c\u0131lar arka plan renkleri \u00e7\u0131kartmalar m\u00fczik ve anket gibi \u00e7e\u015fitli interaktif \u00f6\u011feler ekleyerek i\u00e7eriklerini daha ilgi \u00e7ekici hale getirebilirler. \u00d6zellikle video ve GIF payla\u015f\u0131mlar\u0131 hikaye \u00f6zelli\u011fini daha e\u011flenceli ve dikkat \u00e7ekici k\u0131lar. Facebook ayr\u0131ca kullan\u0131c\u0131lar\u0131n hikayelerini Instagram ile senkronize ederek iki platformda ayn\u0131 anda payla\u015fmalar\u0131na olanak tan\u0131r.<\/p>\n\n\n\n<p>Bu \u00f6zellik i\u00e7erik \u00fcreticileri ve markalar i\u00e7in olduk\u00e7a faydal\u0131d\u0131r \u00e7\u00fcnk\u00fc ayn\u0131 i\u00e7eri\u011fi birden fazla platformda payla\u015farak daha geni\u015f bir kitleye ula\u015fabilirler. Facebook Hikayeleri \u00f6zel gizlilik ayarlar\u0131 ile de dikkat \u00e7eker. Kullan\u0131c\u0131lar hikayelerini herkesin mi yoksa sadece belirli ki\u015filerin mi g\u00f6rebilece\u011fini kendileri belirleyebilirler. B\u00f6ylece ki\u015fisel mahremiyetlerini koruyarak i\u00e7eriklerini payla\u015fma konusunda daha fazla kontrol sahibi olurlar.<\/p>\n\n\n\n<h2 class=\"wp-block-heading\">Facebook Hikaye Olu\u015fturma Ad\u0131mlar\u0131 Nelerdir?<\/h2>\n\n\n\n<p>Facebook&#8217;ta hikaye olu\u015fturmak i\u00e7in \u00f6ncelikle uygulamaya giri\u015f yap\u0131lmas\u0131 gerekir. Kullan\u0131c\u0131 ana sayfan\u0131n \u00fcst k\u0131sm\u0131nda yer alan \u201cHikaye Ekle\u201d se\u00e7ene\u011fine t\u0131klayarak hikaye payla\u015f\u0131m s\u00fcrecini ba\u015flatabilir. Hikaye olu\u015ftururken farkl\u0131 medya se\u00e7enekleri aras\u0131ndan se\u00e7im yap\u0131labilir. Kullan\u0131c\u0131lar ister do\u011frudan foto\u011fraf \u00e7ekebilir isterse galeride bulunan mevcut foto\u011fraflar\u0131n\u0131 veya videolar\u0131n\u0131 kullanarak hikaye olu\u015fturabilirler.<\/p>\n\n\n\n<p>Video \u00e7ekmek isteyen kullan\u0131c\u0131lar uzun s\u00fcreli i\u00e7erikler olu\u015fturmak i\u00e7in Facebook\u2019un sundu\u011fu video d\u00fczenleme ara\u00e7lar\u0131n\u0131 da kullanabilirler. Hikayeye eklenen i\u00e7eriklere metin \u00e7\u0131kartmalar emoji GIF ve filtre gibi \u00f6\u011feler eklenerek daha yarat\u0131c\u0131 hale getirilebilir.<\/p>\n\n\n\n<p>\u00d6zellikle anket m\u00fczik ve art\u0131r\u0131lm\u0131\u015f ger\u00e7eklik filtreleri gibi ek \u00f6zellikler sayesinde hikayeler daha e\u011flenceli ve etkile\u015fimli hale getirilebilir. Facebook hikaye olu\u015ftururken kullan\u0131c\u0131ya \u00e7e\u015fitli filtreler ve efektler sunarak i\u00e7eriklerini daha dikkat \u00e7ekici hale getirmesine olanak tan\u0131r.<\/p>\n\n\n\n<p>Hikaye payla\u015f\u0131m\u0131 s\u0131ras\u0131nda gizlilik ayarlar\u0131 olduk\u00e7a \u00f6nemli bir konudur. Kullan\u0131c\u0131lar hikayelerini herkese a\u00e7\u0131k sadece arkada\u015flar\u0131na \u00f6zel veya belirli ki\u015filerle s\u0131n\u0131rl\u0131 olarak payla\u015fabilirler. Facebook ayr\u0131ca kullan\u0131c\u0131n\u0131n hikayesine yan\u0131t veren ki\u015filerin kimler olabilece\u011fini belirleme se\u00e7ene\u011fi sunar.<\/p>\n\n\n\n<p>Hikaye payla\u015f\u0131ld\u0131ktan sonra kullan\u0131c\u0131lar hikayelerinin nas\u0131l g\u00f6r\u00fcnd\u00fc\u011f\u00fcn\u00fc kontrol edebilir ve gerekti\u011finde d\u00fczenleme yapabilirler. Hikaye payla\u015f\u0131ld\u0131ktan sonra 24 saat boyunca yay\u0131nda kal\u0131r ve ard\u0131ndan otomatik olarak silinir. Kullan\u0131c\u0131lar isterlerse hikayelerini ar\u015fivleyerek daha sonra tekrar payla\u015fabilirler.<\/p>\n\n\n\n<p><strong>Facebook hikaye izleme<\/strong> istatistiklerini de sunarak ka\u00e7 ki\u015finin hikayeyi g\u00f6r\u00fcnt\u00fcledi\u011fini ve kimlerin etkile\u015fimde bulundu\u011funu kullan\u0131c\u0131ya g\u00f6sterir. Bu sayede kullan\u0131c\u0131lar hikayelerinin ne kadar ilgi g\u00f6rd\u00fc\u011f\u00fcn\u00fc anlayabilir ve i\u00e7eriklerini bu do\u011frultuda optimize edebilirler.<\/p>\n\n\n\n<h2 class=\"wp-block-heading\">Facebook Hikaye Nas\u0131l Silinir?<\/h2>\n\n\n\n<p>Facebook hikaye olu\u015fturma s\u00fcrecinde kullan\u0131c\u0131lar\u0131n s\u0131k\u00e7a sordu\u011fu sorulardan biri de hikayelerin nas\u0131l silinece\u011fidir. Hikayeler otomatik olarak 24 saat i\u00e7inde kaybolur ancak kullan\u0131c\u0131lar isterlerse hikayelerini erken silme se\u00e7ene\u011fine sahiptirler. Bir hikayeyi silmek i\u00e7in \u00f6ncelikle Facebook uygulamas\u0131nda Hikayeler b\u00f6l\u00fcm\u00fcne girilmesi gerekir. Burada silmek istenilen hikaye a\u00e7\u0131larak sa\u011f \u00fcst k\u00f6\u015fede bulunan \u00fc\u00e7 nokta simgesine t\u0131klanmal\u0131d\u0131r. A\u00e7\u0131lan men\u00fcden \u201cHikayeyi Sil\u201d se\u00e7ene\u011fi se\u00e7ildi\u011finde hikaye an\u0131nda kald\u0131r\u0131l\u0131r ve art\u0131k kimse taraf\u0131ndan g\u00f6r\u00fcnt\u00fclenemez.<\/p>\n\n\n\n<p><a href=\"https:\/\/www.facebook.com\/\" target=\"_blank\" rel=\"noopener\">Facebook<\/a> kullan\u0131c\u0131lar\u0131n hikayelerini yanl\u0131\u015fl\u0131kla silmemesi i\u00e7in bir onay penceresi sunar. Kullan\u0131c\u0131 hikayesini ger\u00e7ekten silmek isteyip istemedi\u011fini bu a\u015famada do\u011frulayarak i\u015flem yapar. E\u011fer hikaye daha \u00f6nce ar\u015fivlenmi\u015fse ar\u015fiv b\u00f6l\u00fcm\u00fcne gidilerek de silinebilir. Hikayelerin silinmesi \u00f6zellikle yanl\u0131\u015fl\u0131kla payla\u015f\u0131lan i\u00e7eriklerin geri al\u0131nmas\u0131 a\u00e7\u0131s\u0131ndan olduk\u00e7a faydal\u0131d\u0131r.<\/p>\n\n\n\n<p>Ayr\u0131ca kullan\u0131c\u0131lar belirli bir s\u00fcre sonra hikayelerinin art\u0131k g\u00f6r\u00fcnmesini istemiyorlarsa manuel olarak da kald\u0131rabilirler. Facebook hikaye silme i\u015flemi tamamland\u0131ktan sonra i\u00e7eri\u011fi tamamen sistemden kald\u0131r\u0131r ve tekrar geri getirme se\u00e7ene\u011fi sunmaz. Bu nedenle silme i\u015flemi yap\u0131lmadan \u00f6nce karar\u0131n dikkatlice verilmesi \u00f6nemlidir.<\/p>\n\n\n\n<p><strong>Facebook hikaye olu\u015fturma<\/strong> hem bireysel kullan\u0131c\u0131lar hem de i\u015fletmeler i\u00e7in olduk\u00e7a etkili ve dinamik bir payla\u015f\u0131m arac\u0131d\u0131r. Facebook\u2019un sundu\u011fu etkile\u015fimli \u00f6zellikler sayesinde hikayeler kullan\u0131c\u0131lar aras\u0131nda pop\u00fcler bir i\u00e7erik format\u0131 haline gelmi\u015ftir. \u00d6zellikle g\u00fcnl\u00fck hayat\u0131n\u0131 anl\u0131k olarak payla\u015fmak isteyenler ve hedef kitleleriyle daha yak\u0131n bir ba\u011f kurmak isteyen markalar i\u00e7in hikayeler vazge\u00e7ilmez bir \u00f6zellik olmu\u015ftur.<\/p>\n\n\n\n<h2 class=\"wp-block-heading\">Facebook Hikaye Payla\u015f\u0131m\u0131nda Dikkat Edilmesi Gerekenler<\/h2>\n\n\n\n<p>Facebook hikaye olu\u015fturma ve payla\u015f\u0131m\u0131nda dikkat edilmesi gereken baz\u0131 \u00f6nemli noktalar vard\u0131r. \u00d6ncelikle, i\u00e7eriklerinizi payla\u015fmadan \u00f6nce do\u011fru gizlilik ayarlar\u0131n\u0131 yapman\u0131z b\u00fcy\u00fck \u00f6nem ta\u015f\u0131r. Facebook, kullan\u0131c\u0131lar\u0131n payla\u015f\u0131mlar\u0131n\u0131 kimlerin g\u00f6rebilece\u011fini belirlemelerine imkan tan\u0131r.<\/p>\n\n\n\n<p>Bu nedenle payla\u015ft\u0131\u011f\u0131n\u0131z hikayelerin kimler taraf\u0131ndan g\u00f6r\u00fclece\u011fini belirlemek, i\u00e7eriklerinizi sadece istedi\u011finiz ki\u015filerin g\u00f6rmesini sa\u011flamak a\u00e7\u0131s\u0131ndan \u00f6nemlidir. \u00d6zellikle ki\u015fisel payla\u015f\u0131mlar yaparken bu ayarlara dikkat etmek, ki\u015fisel mahremiyetinizi koruman\u0131za yard\u0131mc\u0131 olur.<\/p>\n\n\n\n<p class=\"has-text-align-center\"><strong><a href=\"https:\/\/crovu.com\/blog\/spotify-blend-nedir-nasil-yapilir\/\">Spotify Blend Nedir? Nas\u0131l Yap\u0131l\u0131r?<\/a><\/strong><\/p>\n","protected":false},"excerpt":{"rendered":"<p>Facebook hikaye olu\u015fturma, sosyal medya platformu Facebook\u2019un sundu\u011fu kullan\u0131c\u0131lar\u0131n foto\u011fraf video ve metin tabanl\u0131 payla\u015f\u0131mlar\u0131n\u0131 belirli bir s\u00fcre boyunca takip\u00e7ilerine sunmalar\u0131na olanak tan\u0131yan pop\u00fcler bir \u00f6zelliktir. Hikayeler kullan\u0131c\u0131lar\u0131n daha samimi ve h\u0131zl\u0131 bir \u015fekilde anl\u0131k payla\u015f\u0131mlar yapmas\u0131n\u0131 sa\u011flarken 24 saatlik bir zaman diliminde kaybolmalar\u0131 nedeniyle dinamik bir i\u00e7erik ak\u0131\u015f\u0131 sunar. Facebook hikaye olu\u015fturma \u00f6zelli\u011fi hem [&hellip;]<\/p>\n","protected":false},"author":4,"featured_media":7070,"comment_status":"open","ping_status":"open","sticky":false,"template":"","format":"standard","meta":{"inline_featured_image":false,"footnotes":""},"categories":[4],"tags":[],"class_list":["post-7069","post","type-post","status-publish","format-standard","has-post-thumbnail","hentry","category-blog-yazilari"],"blocksy_meta":[],"_links":{"self":[{"href":"https:\/\/crovu.com\/blog\/wp-json\/wp\/v2\/posts\/7069","targetHints":{"allow":["GET"]}}],"collection":[{"href":"https:\/\/crovu.com\/blog\/wp-json\/wp\/v2\/posts"}],"about":[{"href":"https:\/\/crovu.com\/blog\/wp-json\/wp\/v2\/types\/post"}],"author":[{"embeddable":true,"href":"https:\/\/crovu.com\/blog\/wp-json\/wp\/v2\/users\/4"}],"replies":[{"embeddable":true,"href":"https:\/\/crovu.com\/blog\/wp-json\/wp\/v2\/comments?post=7069"}],"version-history":[{"count":1,"href":"https:\/\/crovu.com\/blog\/wp-json\/wp\/v2\/posts\/7069\/revisions"}],"predecessor-version":[{"id":7071,"href":"https:\/\/crovu.com\/blog\/wp-json\/wp\/v2\/posts\/7069\/revisions\/7071"}],"wp:featuredmedia":[{"embeddable":true,"href":"https:\/\/crovu.com\/blog\/wp-json\/wp\/v2\/media\/7070"}],"wp:attachment":[{"href":"https:\/\/crovu.com\/blog\/wp-json\/wp\/v2\/media?parent=7069"}],"wp:term":[{"taxonomy":"category","embeddable":true,"href":"https:\/\/crovu.com\/blog\/wp-json\/wp\/v2\/categories?post=7069"},{"taxonomy":"post_tag","embeddable":true,"href":"https:\/\/crovu.com\/blog\/wp-json\/wp\/v2\/tags?post=7069"}],"curies":[{"name":"wp","href":"https:\/\/api.w.org\/{rel}","templated":true}]}}